{"id":4356,"date":"2025-07-15T10:18:57","date_gmt":"2025-07-15T08:18:57","guid":{"rendered":"https:\/\/cyclosdesavaloirs.fr\/?p=4356"},"modified":"2025-07-15T10:18:57","modified_gmt":"2025-07-15T08:18:57","slug":"jour-de-pique-nique","status":"publish","type":"post","link":"https:\/\/cyclosdesavaloirs.fr\/index.php\/2025\/07\/15\/jour-de-pique-nique\/","title":{"rendered":"Jour de pique-nique"},"content":{"rendered":"\n<p>Moment inalt\u00e9rable dans la vie du club des Cyclos, le pique-nique annuel r\u00e9unissait, le dimanche 13 juillet, membres et sympathisants de la section du c\u00f4t\u00e9 de M\u00e9houdin. Au programme, sortie v\u00e9lo, barbecue \u00e0 l&#8217;ombre des noisetiers, jeux multi-g\u00e9n\u00e9rationnels&#8230;. <\/p>\n\n\n<div class=\"wp-block-image is-style-rounded\">\n<figure class=\"aligncenter size-full\"><img loading=\"lazy\" decoding=\"async\" width=\"423\" height=\"564\" src=\"https:\/\/cyclosdesavaloirs.fr\/wp-content\/uploads\/2025\/07\/image0000011-6.jpg\" alt=\"\" class=\"wp-image-4357\" srcset=\"https:\/\/cyclosdesavaloirs.fr\/wp-content\/uploads\/2025\/07\/image0000011-6.jpg 423w, https:\/\/cyclosdesavaloirs.fr\/wp-content\/uploads\/2025\/07\/image0000011-6-225x300.jpg 225w\" sizes=\"auto, (max-width: 423px) 100vw, 423px\" \/><\/figure>\n<\/div>\n\n<div class=\"wp-block-image is-style-rounded\">\n<figure class=\"aligncenter size-full\"><img loading=\"lazy\" decoding=\"async\" width=\"423\" height=\"564\" src=\"https:\/\/cyclosdesavaloirs.fr\/wp-content\/uploads\/2025\/07\/image0000041-3.jpg\" alt=\"\" class=\"wp-image-4358\" srcset=\"https:\/\/cyclosdesavaloirs.fr\/wp-content\/uploads\/2025\/07\/image0000041-3.jpg 423w, https:\/\/cyclosdesavaloirs.fr\/wp-content\/uploads\/2025\/07\/image0000041-3-225x300.jpg 225w\" sizes=\"auto, (max-width: 423px) 100vw, 423px\" \/><\/figure>\n<\/div>\n\n<div class=\"wp-block-image is-style-rounded\">\n<figure class=\"aligncenter size-full\"><img loading=\"lazy\" decoding=\"async\" width=\"423\" height=\"564\" src=\"https:\/\/cyclosdesavaloirs.fr\/wp-content\/uploads\/2025\/07\/image0000051-2.jpg\" alt=\"\" class=\"wp-image-4359\" srcset=\"https:\/\/cyclosdesavaloirs.fr\/wp-content\/uploads\/2025\/07\/image0000051-2.jpg 423w, https:\/\/cyclosdesavaloirs.fr\/wp-content\/uploads\/2025\/07\/image0000051-2-225x300.jpg 225w\" sizes=\"auto, (max-width: 423px) 100vw, 423px\" \/><\/figure>\n<\/div>\n\n<div class=\"wp-block-image is-style-rounded\">\n<figure class=\"aligncenter size-full\"><img loading=\"lazy\" decoding=\"async\" width=\"423\" height=\"564\" src=\"https:\/\/cyclosdesavaloirs.fr\/wp-content\/uploads\/2025\/07\/image0000061-1.jpg\" alt=\"\" class=\"wp-image-4360\" srcset=\"https:\/\/cyclosdesavaloirs.fr\/wp-content\/uploads\/2025\/07\/image0000061-1.jpg 423w, https:\/\/cyclosdesavaloirs.fr\/wp-content\/uploads\/2025\/07\/image0000061-1-225x300.jpg 225w\" sizes=\"auto, (max-width: 423px) 100vw, 423px\" \/><\/figure>\n<\/div>\n\n\n<p>Malgr\u00e9 l&#8217;orage mena\u00e7ant de fin de journ\u00e9e et le repli dans la salle des f\u00eates, la journ\u00e9e a \u00e9t\u00e9 marqu\u00e9e du sceau du plaisir des retrouvailles entre actifs, occasionnels, dispens\u00e9s et retrait\u00e9s du v\u00e9lo&#8230; <\/p>\n\n\n\n<p><\/p>\n","protected":false},"excerpt":{"rendered":"<p>Moment inalt\u00e9rable dans la vie du club des Cyclos, le pique-nique annuel r\u00e9unissait, le dimanche 13 juillet, membres et sympathisants de la section du c\u00f4t\u00e9<\/p>\n","protected":false},"author":1,"featured_media":0,"comment_status":"open","ping_status":"open","sticky":false,"template":"","format":"standard","meta":{"footnotes":""},"categories":[11],"tags":[],"class_list":["post-4356","post","type-post","status-publish","format-standard","hentry","category-notre-actualite"],"yoast_head":"<!-- This site is optimized with the Yoast SEO plugin v27.5 - https:\/\/yoast.com\/product\/yoast-seo-wordpress\/ -->\n<title>Jour de pique-nique - CYCLOS DES AVALOIRS<\/title>\n<meta name=\"robots\" content=\"index, follow, max-snippet:-1, max-image-preview:large, max-video-preview:-1\" \/>\n<link rel=\"canonical\" href=\"https:\/\/cyclosdesavaloirs.fr\/index.php\/2025\/07\/15\/jour-de-pique-nique\/\" \/>\n<meta property=\"og:locale\" content=\"en_US\" \/>\n<meta property=\"og:type\" content=\"article\" \/>\n<meta property=\"og:title\" content=\"Jour de pique-nique - CYCLOS DES AVALOIRS\" \/>\n<meta property=\"og:description\" content=\"Moment inalt\u00e9rable dans la vie du club des Cyclos, le pique-nique annuel r\u00e9unissait, le dimanche 13 juillet, membres et sympathisants de la section du c\u00f4t\u00e9\" \/>\n<meta property=\"og:url\" content=\"https:\/\/cyclosdesavaloirs.fr\/index.php\/2025\/07\/15\/jour-de-pique-nique\/\" \/>\n<meta property=\"og:site_name\" content=\"CYCLOS DES AVALOIRS\" \/>\n<meta property=\"article:publisher\" content=\"https:\/\/www.facebook.com\/Cyclos-des-Avaloirs-108867535260146\" \/>\n<meta property=\"article:published_time\" content=\"2025-07-15T08:18:57+00:00\" \/>\n<meta property=\"og:image\" content=\"https:\/\/cyclosdesavaloirs.fr\/wp-content\/uploads\/2025\/07\/image0000011-6.jpg\" \/>\n<meta name=\"author\" content=\"admin4106\" \/>\n<meta name=\"twitter:card\" content=\"summary_large_image\" \/>\n<meta name=\"twitter:label1\" content=\"Written by\" \/>\n\t<meta name=\"twitter:data1\" content=\"admin4106\" \/>\n\t<meta name=\"twitter:label2\" content=\"Est. reading time\" \/>\n\t<meta name=\"twitter:data2\" content=\"2 minutes\" \/>\n<script type=\"application\/ld+json\" class=\"yoast-schema-graph\">{\"@context\":\"https:\\\/\\\/schema.org\",\"@graph\":[{\"@type\":\"Article\",\"@id\":\"https:\\\/\\\/cyclosdesavaloirs.fr\\\/index.php\\\/2025\\\/07\\\/15\\\/jour-de-pique-nique\\\/#article\",\"isPartOf\":{\"@id\":\"https:\\\/\\\/cyclosdesavaloirs.fr\\\/index.php\\\/2025\\\/07\\\/15\\\/jour-de-pique-nique\\\/\"},\"author\":{\"name\":\"admin4106\",\"@id\":\"https:\\\/\\\/cyclosdesavaloirs.fr\\\/#\\\/schema\\\/person\\\/dc990e561058b9b924c9569b16687c01\"},\"headline\":\"Jour de pique-nique\",\"datePublished\":\"2025-07-15T08:18:57+00:00\",\"mainEntityOfPage\":{\"@id\":\"https:\\\/\\\/cyclosdesavaloirs.fr\\\/index.php\\\/2025\\\/07\\\/15\\\/jour-de-pique-nique\\\/\"},\"wordCount\":90,\"commentCount\":0,\"publisher\":{\"@id\":\"https:\\\/\\\/cyclosdesavaloirs.fr\\\/#organization\"},\"image\":{\"@id\":\"https:\\\/\\\/cyclosdesavaloirs.fr\\\/index.php\\\/2025\\\/07\\\/15\\\/jour-de-pique-nique\\\/#primaryimage\"},\"thumbnailUrl\":\"https:\\\/\\\/cyclosdesavaloirs.fr\\\/wp-content\\\/uploads\\\/2025\\\/07\\\/image0000011-6.jpg\",\"articleSection\":[\"NOTRE ACTUALITE\"],\"inLanguage\":\"en-US\",\"potentialAction\":[{\"@type\":\"CommentAction\",\"name\":\"Comment\",\"target\":[\"https:\\\/\\\/cyclosdesavaloirs.fr\\\/index.php\\\/2025\\\/07\\\/15\\\/jour-de-pique-nique\\\/#respond\"]}]},{\"@type\":\"WebPage\",\"@id\":\"https:\\\/\\\/cyclosdesavaloirs.fr\\\/index.php\\\/2025\\\/07\\\/15\\\/jour-de-pique-nique\\\/\",\"url\":\"https:\\\/\\\/cyclosdesavaloirs.fr\\\/index.php\\\/2025\\\/07\\\/15\\\/jour-de-pique-nique\\\/\",\"name\":\"Jour de pique-nique - CYCLOS DES AVALOIRS\",\"isPartOf\":{\"@id\":\"https:\\\/\\\/cyclosdesavaloirs.fr\\\/#website\"},\"primaryImageOfPage\":{\"@id\":\"https:\\\/\\\/cyclosdesavaloirs.fr\\\/index.php\\\/2025\\\/07\\\/15\\\/jour-de-pique-nique\\\/#primaryimage\"},\"image\":{\"@id\":\"https:\\\/\\\/cyclosdesavaloirs.fr\\\/index.php\\\/2025\\\/07\\\/15\\\/jour-de-pique-nique\\\/#primaryimage\"},\"thumbnailUrl\":\"https:\\\/\\\/cyclosdesavaloirs.fr\\\/wp-content\\\/uploads\\\/2025\\\/07\\\/image0000011-6.jpg\",\"datePublished\":\"2025-07-15T08:18:57+00:00\",\"breadcrumb\":{\"@id\":\"https:\\\/\\\/cyclosdesavaloirs.fr\\\/index.php\\\/2025\\\/07\\\/15\\\/jour-de-pique-nique\\\/#breadcrumb\"},\"inLanguage\":\"en-US\",\"potentialAction\":[{\"@type\":\"ReadAction\",\"target\":[\"https:\\\/\\\/cyclosdesavaloirs.fr\\\/index.php\\\/2025\\\/07\\\/15\\\/jour-de-pique-nique\\\/\"]}]},{\"@type\":\"ImageObject\",\"inLanguage\":\"en-US\",\"@id\":\"https:\\\/\\\/cyclosdesavaloirs.fr\\\/index.php\\\/2025\\\/07\\\/15\\\/jour-de-pique-nique\\\/#primaryimage\",\"url\":\"https:\\\/\\\/cyclosdesavaloirs.fr\\\/wp-content\\\/uploads\\\/2025\\\/07\\\/image0000011-6.jpg\",\"contentUrl\":\"https:\\\/\\\/cyclosdesavaloirs.fr\\\/wp-content\\\/uploads\\\/2025\\\/07\\\/image0000011-6.jpg\",\"width\":423,\"height\":564},{\"@type\":\"BreadcrumbList\",\"@id\":\"https:\\\/\\\/cyclosdesavaloirs.fr\\\/index.php\\\/2025\\\/07\\\/15\\\/jour-de-pique-nique\\\/#breadcrumb\",\"itemListElement\":[{\"@type\":\"ListItem\",\"position\":1,\"name\":\"Accueil\",\"item\":\"https:\\\/\\\/cyclosdesavaloirs.fr\\\/\"},{\"@type\":\"ListItem\",\"position\":2,\"name\":\"Jour de pique-nique\"}]},{\"@type\":\"WebSite\",\"@id\":\"https:\\\/\\\/cyclosdesavaloirs.fr\\\/#website\",\"url\":\"https:\\\/\\\/cyclosdesavaloirs.fr\\\/\",\"name\":\"CYCLOS DES AVALOIRS\",\"description\":\"A v\u00e9lo, tout est plus beau et \u00e0 plusieurs, c&#039;est encore meilleur !\",\"publisher\":{\"@id\":\"https:\\\/\\\/cyclosdesavaloirs.fr\\\/#organization\"},\"potentialAction\":[{\"@type\":\"SearchAction\",\"target\":{\"@type\":\"EntryPoint\",\"urlTemplate\":\"https:\\\/\\\/cyclosdesavaloirs.fr\\\/?s={search_term_string}\"},\"query-input\":{\"@type\":\"PropertyValueSpecification\",\"valueRequired\":true,\"valueName\":\"search_term_string\"}}],\"inLanguage\":\"en-US\"},{\"@type\":\"Organization\",\"@id\":\"https:\\\/\\\/cyclosdesavaloirs.fr\\\/#organization\",\"name\":\"CYCLOS DES AVALOIRS\",\"url\":\"https:\\\/\\\/cyclosdesavaloirs.fr\\\/\",\"logo\":{\"@type\":\"ImageObject\",\"inLanguage\":\"en-US\",\"@id\":\"https:\\\/\\\/cyclosdesavaloirs.fr\\\/#\\\/schema\\\/logo\\\/image\\\/\",\"url\":\"https:\\\/\\\/cyclosdesavaloirs.fr\\\/wp-content\\\/uploads\\\/2022\\\/06\\\/cropped-cropped-cropped-cropped-LOGO_CYLCOS-1.png\",\"contentUrl\":\"https:\\\/\\\/cyclosdesavaloirs.fr\\\/wp-content\\\/uploads\\\/2022\\\/06\\\/cropped-cropped-cropped-cropped-LOGO_CYLCOS-1.png\",\"width\":240,\"height\":240,\"caption\":\"CYCLOS DES AVALOIRS\"},\"image\":{\"@id\":\"https:\\\/\\\/cyclosdesavaloirs.fr\\\/#\\\/schema\\\/logo\\\/image\\\/\"},\"sameAs\":[\"https:\\\/\\\/www.facebook.com\\\/Cyclos-des-Avaloirs-108867535260146\"]},{\"@type\":\"Person\",\"@id\":\"https:\\\/\\\/cyclosdesavaloirs.fr\\\/#\\\/schema\\\/person\\\/dc990e561058b9b924c9569b16687c01\",\"name\":\"admin4106\",\"image\":{\"@type\":\"ImageObject\",\"inLanguage\":\"en-US\",\"@id\":\"https:\\\/\\\/secure.gravatar.com\\\/avatar\\\/259677e7322e5ca7aeab0675ddee6da680e2035073d9e7fba6a850ea7d1b329b?s=96&d=mm&r=g\",\"url\":\"https:\\\/\\\/secure.gravatar.com\\\/avatar\\\/259677e7322e5ca7aeab0675ddee6da680e2035073d9e7fba6a850ea7d1b329b?s=96&d=mm&r=g\",\"contentUrl\":\"https:\\\/\\\/secure.gravatar.com\\\/avatar\\\/259677e7322e5ca7aeab0675ddee6da680e2035073d9e7fba6a850ea7d1b329b?s=96&d=mm&r=g\",\"caption\":\"admin4106\"},\"sameAs\":[\"http:\\\/\\\/cyclosdesavaloirs.fr\"],\"url\":\"https:\\\/\\\/cyclosdesavaloirs.fr\\\/index.php\\\/author\\\/admin4106\\\/\"}]}<\/script>\n<!-- \/ Yoast SEO plugin. -->","yoast_head_json":{"title":"Jour de pique-nique - CYCLOS DES AVALOIRS","robots":{"index":"index","follow":"follow","max-snippet":"max-snippet:-1","max-image-preview":"max-image-preview:large","max-video-preview":"max-video-preview:-1"},"canonical":"https:\/\/cyclosdesavaloirs.fr\/index.php\/2025\/07\/15\/jour-de-pique-nique\/","og_locale":"en_US","og_type":"article","og_title":"Jour de pique-nique - CYCLOS DES AVALOIRS","og_description":"Moment inalt\u00e9rable dans la vie du club des Cyclos, le pique-nique annuel r\u00e9unissait, le dimanche 13 juillet, membres et sympathisants de la section du c\u00f4t\u00e9","og_url":"https:\/\/cyclosdesavaloirs.fr\/index.php\/2025\/07\/15\/jour-de-pique-nique\/","og_site_name":"CYCLOS DES AVALOIRS","article_publisher":"https:\/\/www.facebook.com\/Cyclos-des-Avaloirs-108867535260146","article_published_time":"2025-07-15T08:18:57+00:00","og_image":[{"url":"https:\/\/cyclosdesavaloirs.fr\/wp-content\/uploads\/2025\/07\/image0000011-6.jpg","type":"","width":"","height":""}],"author":"admin4106","twitter_card":"summary_large_image","twitter_misc":{"Written by":"admin4106","Est. reading time":"2 minutes"},"schema":{"@context":"https:\/\/schema.org","@graph":[{"@type":"Article","@id":"https:\/\/cyclosdesavaloirs.fr\/index.php\/2025\/07\/15\/jour-de-pique-nique\/#article","isPartOf":{"@id":"https:\/\/cyclosdesavaloirs.fr\/index.php\/2025\/07\/15\/jour-de-pique-nique\/"},"author":{"name":"admin4106","@id":"https:\/\/cyclosdesavaloirs.fr\/#\/schema\/person\/dc990e561058b9b924c9569b16687c01"},"headline":"Jour de pique-nique","datePublished":"2025-07-15T08:18:57+00:00","mainEntityOfPage":{"@id":"https:\/\/cyclosdesavaloirs.fr\/index.php\/2025\/07\/15\/jour-de-pique-nique\/"},"wordCount":90,"commentCount":0,"publisher":{"@id":"https:\/\/cyclosdesavaloirs.fr\/#organization"},"image":{"@id":"https:\/\/cyclosdesavaloirs.fr\/index.php\/2025\/07\/15\/jour-de-pique-nique\/#primaryimage"},"thumbnailUrl":"https:\/\/cyclosdesavaloirs.fr\/wp-content\/uploads\/2025\/07\/image0000011-6.jpg","articleSection":["NOTRE ACTUALITE"],"inLanguage":"en-US","potentialAction":[{"@type":"CommentAction","name":"Comment","target":["https:\/\/cyclosdesavaloirs.fr\/index.php\/2025\/07\/15\/jour-de-pique-nique\/#respond"]}]},{"@type":"WebPage","@id":"https:\/\/cyclosdesavaloirs.fr\/index.php\/2025\/07\/15\/jour-de-pique-nique\/","url":"https:\/\/cyclosdesavaloirs.fr\/index.php\/2025\/07\/15\/jour-de-pique-nique\/","name":"Jour de pique-nique - CYCLOS DES AVALOIRS","isPartOf":{"@id":"https:\/\/cyclosdesavaloirs.fr\/#website"},"primaryImageOfPage":{"@id":"https:\/\/cyclosdesavaloirs.fr\/index.php\/2025\/07\/15\/jour-de-pique-nique\/#primaryimage"},"image":{"@id":"https:\/\/cyclosdesavaloirs.fr\/index.php\/2025\/07\/15\/jour-de-pique-nique\/#primaryimage"},"thumbnailUrl":"https:\/\/cyclosdesavaloirs.fr\/wp-content\/uploads\/2025\/07\/image0000011-6.jpg","datePublished":"2025-07-15T08:18:57+00:00","breadcrumb":{"@id":"https:\/\/cyclosdesavaloirs.fr\/index.php\/2025\/07\/15\/jour-de-pique-nique\/#breadcrumb"},"inLanguage":"en-US","potentialAction":[{"@type":"ReadAction","target":["https:\/\/cyclosdesavaloirs.fr\/index.php\/2025\/07\/15\/jour-de-pique-nique\/"]}]},{"@type":"ImageObject","inLanguage":"en-US","@id":"https:\/\/cyclosdesavaloirs.fr\/index.php\/2025\/07\/15\/jour-de-pique-nique\/#primaryimage","url":"https:\/\/cyclosdesavaloirs.fr\/wp-content\/uploads\/2025\/07\/image0000011-6.jpg","contentUrl":"https:\/\/cyclosdesavaloirs.fr\/wp-content\/uploads\/2025\/07\/image0000011-6.jpg","width":423,"height":564},{"@type":"BreadcrumbList","@id":"https:\/\/cyclosdesavaloirs.fr\/index.php\/2025\/07\/15\/jour-de-pique-nique\/#breadcrumb","itemListElement":[{"@type":"ListItem","position":1,"name":"Accueil","item":"https:\/\/cyclosdesavaloirs.fr\/"},{"@type":"ListItem","position":2,"name":"Jour de pique-nique"}]},{"@type":"WebSite","@id":"https:\/\/cyclosdesavaloirs.fr\/#website","url":"https:\/\/cyclosdesavaloirs.fr\/","name":"CYCLOS DES AVALOIRS","description":"A v\u00e9lo, tout est plus beau et \u00e0 plusieurs, c&#039;est encore meilleur !","publisher":{"@id":"https:\/\/cyclosdesavaloirs.fr\/#organization"},"potentialAction":[{"@type":"SearchAction","target":{"@type":"EntryPoint","urlTemplate":"https:\/\/cyclosdesavaloirs.fr\/?s={search_term_string}"},"query-input":{"@type":"PropertyValueSpecification","valueRequired":true,"valueName":"search_term_string"}}],"inLanguage":"en-US"},{"@type":"Organization","@id":"https:\/\/cyclosdesavaloirs.fr\/#organization","name":"CYCLOS DES AVALOIRS","url":"https:\/\/cyclosdesavaloirs.fr\/","logo":{"@type":"ImageObject","inLanguage":"en-US","@id":"https:\/\/cyclosdesavaloirs.fr\/#\/schema\/logo\/image\/","url":"https:\/\/cyclosdesavaloirs.fr\/wp-content\/uploads\/2022\/06\/cropped-cropped-cropped-cropped-LOGO_CYLCOS-1.png","contentUrl":"https:\/\/cyclosdesavaloirs.fr\/wp-content\/uploads\/2022\/06\/cropped-cropped-cropped-cropped-LOGO_CYLCOS-1.png","width":240,"height":240,"caption":"CYCLOS DES AVALOIRS"},"image":{"@id":"https:\/\/cyclosdesavaloirs.fr\/#\/schema\/logo\/image\/"},"sameAs":["https:\/\/www.facebook.com\/Cyclos-des-Avaloirs-108867535260146"]},{"@type":"Person","@id":"https:\/\/cyclosdesavaloirs.fr\/#\/schema\/person\/dc990e561058b9b924c9569b16687c01","name":"admin4106","image":{"@type":"ImageObject","inLanguage":"en-US","@id":"https:\/\/secure.gravatar.com\/avatar\/259677e7322e5ca7aeab0675ddee6da680e2035073d9e7fba6a850ea7d1b329b?s=96&d=mm&r=g","url":"https:\/\/secure.gravatar.com\/avatar\/259677e7322e5ca7aeab0675ddee6da680e2035073d9e7fba6a850ea7d1b329b?s=96&d=mm&r=g","contentUrl":"https:\/\/secure.gravatar.com\/avatar\/259677e7322e5ca7aeab0675ddee6da680e2035073d9e7fba6a850ea7d1b329b?s=96&d=mm&r=g","caption":"admin4106"},"sameAs":["http:\/\/cyclosdesavaloirs.fr"],"url":"https:\/\/cyclosdesavaloirs.fr\/index.php\/author\/admin4106\/"}]}},"_links":{"self":[{"href":"https:\/\/cyclosdesavaloirs.fr\/index.php\/wp-json\/wp\/v2\/posts\/4356","targetHints":{"allow":["GET"]}}],"collection":[{"href":"https:\/\/cyclosdesavaloirs.fr\/index.php\/wp-json\/wp\/v2\/posts"}],"about":[{"href":"https:\/\/cyclosdesavaloirs.fr\/index.php\/wp-json\/wp\/v2\/types\/post"}],"author":[{"embeddable":true,"href":"https:\/\/cyclosdesavaloirs.fr\/index.php\/wp-json\/wp\/v2\/users\/1"}],"replies":[{"embeddable":true,"href":"https:\/\/cyclosdesavaloirs.fr\/index.php\/wp-json\/wp\/v2\/comments?post=4356"}],"version-history":[{"count":2,"href":"https:\/\/cyclosdesavaloirs.fr\/index.php\/wp-json\/wp\/v2\/posts\/4356\/revisions"}],"predecessor-version":[{"id":4965,"href":"https:\/\/cyclosdesavaloirs.fr\/index.php\/wp-json\/wp\/v2\/posts\/4356\/revisions\/4965"}],"wp:attachment":[{"href":"https:\/\/cyclosdesavaloirs.fr\/index.php\/wp-json\/wp\/v2\/media?parent=4356"}],"wp:term":[{"taxonomy":"category","embeddable":true,"href":"https:\/\/cyclosdesavaloirs.fr\/index.php\/wp-json\/wp\/v2\/categories?post=4356"},{"taxonomy":"post_tag","embeddable":true,"href":"https:\/\/cyclosdesavaloirs.fr\/index.php\/wp-json\/wp\/v2\/tags?post=4356"}],"curies":[{"name":"wp","href":"https:\/\/api.w.org\/{rel}","templated":true}]}}