{"id":4532,"date":"2025-08-20T17:11:30","date_gmt":"2025-08-20T15:11:30","guid":{"rendered":"https:\/\/cyclosdesavaloirs.fr\/?p=4532"},"modified":"2025-08-20T17:44:05","modified_gmt":"2025-08-20T15:44:05","slug":"souvenirs-dorleans","status":"publish","type":"post","link":"https:\/\/cyclosdesavaloirs.fr\/index.php\/2025\/08\/20\/souvenirs-dorleans\/","title":{"rendered":"Souvenirs d&#8217;Orl\u00e9ans"},"content":{"rendered":"\n<p>La 86e \u00e9dition de la Semaine f\u00e9d\u00e9rale internationale de cyclotourisme&nbsp; s\u2019est achev\u00e9e le 10 ao\u00fbt dernier avec un bilan positif tant pour les participants que pour les organisateurs d&#8217;Orl\u00e9ans, ville h\u00f4te de l&#8217;\u00e9v\u00e8nement. La m\u00e9t\u00e9o cl\u00e9mente a favoris\u00e9 une bonne affluence de cyclistes tout au long de la semaine. C&#8217;\u00e9tait&nbsp;&#8220;<em><strong>l&#8217;occasion de profiter et de d\u00e9couvrir une r\u00e9gion et une ville magnifiques et paisibles.<\/strong><\/em>&#8220;<\/p>\n\n\n<div class=\"wp-block-image is-style-rounded\">\n<figure class=\"aligncenter size-full\"><img loading=\"lazy\" decoding=\"async\" width=\"726\" height=\"1024\" src=\"https:\/\/cyclosdesavaloirs.fr\/wp-content\/uploads\/2025\/08\/image-7.png\" alt=\"\" class=\"wp-image-4533\" srcset=\"https:\/\/cyclosdesavaloirs.fr\/wp-content\/uploads\/2025\/08\/image-7.png 726w, https:\/\/cyclosdesavaloirs.fr\/wp-content\/uploads\/2025\/08\/image-7-213x300.png 213w\" sizes=\"auto, (max-width: 726px) 100vw, 726px\" \/><\/figure>\n<\/div>\n\n\n<p>Merci aux deux repr\u00e9sentants des Cyclos des Avaloirs, fid\u00e8les des semaines f\u00e9d\u00e9rales, qui nous ont rapport\u00e9s quelques clich\u00e9s de ce bel \u00e9v\u00e8nement.<\/p>\n\n\n<div class=\"wp-block-image is-style-rounded\">\n<figure class=\"aligncenter size-full is-resized\"><img loading=\"lazy\" decoding=\"async\" width=\"524\" height=\"699\" src=\"https:\/\/cyclosdesavaloirs.fr\/wp-content\/uploads\/2025\/08\/Resized_20250809_081601.jpg\" alt=\"\" class=\"wp-image-4535\" style=\"width:576px;height:auto\" srcset=\"https:\/\/cyclosdesavaloirs.fr\/wp-content\/uploads\/2025\/08\/Resized_20250809_081601.jpg 524w, https:\/\/cyclosdesavaloirs.fr\/wp-content\/uploads\/2025\/08\/Resized_20250809_081601-225x300.jpg 225w\" sizes=\"auto, (max-width: 524px) 100vw, 524px\" \/><figcaption class=\"wp-element-caption\">Quand petits et grands ne font qu&#8217;un pour prendre la route&#8230;<\/figcaption><\/figure>\n<\/div>\n\n\n<figure class=\"wp-block-image size-full is-style-rounded\"><img loading=\"lazy\" decoding=\"async\" width=\"960\" height=\"720\" src=\"https:\/\/cyclosdesavaloirs.fr\/wp-content\/uploads\/2025\/08\/Resized_20250810_091330.jpg\" alt=\"\" class=\"wp-image-4536\" srcset=\"https:\/\/cyclosdesavaloirs.fr\/wp-content\/uploads\/2025\/08\/Resized_20250810_091330.jpg 960w, https:\/\/cyclosdesavaloirs.fr\/wp-content\/uploads\/2025\/08\/Resized_20250810_091330-300x225.jpg 300w, https:\/\/cyclosdesavaloirs.fr\/wp-content\/uploads\/2025\/08\/Resized_20250810_091330-768x576.jpg 768w, https:\/\/cyclosdesavaloirs.fr\/wp-content\/uploads\/2025\/08\/Resized_20250810_091330-600x450.jpg 600w\" sizes=\"auto, (max-width: 960px) 100vw, 960px\" \/><figcaption class=\"wp-element-caption\">Quand hommes et femmes ne font qu&#8217;un pour prendre la route&#8230;<\/figcaption><\/figure>\n\n\n\n<figure class=\"wp-block-image size-full is-style-rounded\"><img loading=\"lazy\" decoding=\"async\" width=\"960\" height=\"720\" src=\"https:\/\/cyclosdesavaloirs.fr\/wp-content\/uploads\/2025\/08\/Resized_20250816_194746.jpg\" alt=\"\" class=\"wp-image-4534\" srcset=\"https:\/\/cyclosdesavaloirs.fr\/wp-content\/uploads\/2025\/08\/Resized_20250816_194746.jpg 960w, https:\/\/cyclosdesavaloirs.fr\/wp-content\/uploads\/2025\/08\/Resized_20250816_194746-300x225.jpg 300w, https:\/\/cyclosdesavaloirs.fr\/wp-content\/uploads\/2025\/08\/Resized_20250816_194746-768x576.jpg 768w, https:\/\/cyclosdesavaloirs.fr\/wp-content\/uploads\/2025\/08\/Resized_20250816_194746-600x450.jpg 600w\" sizes=\"auto, (max-width: 960px) 100vw, 960px\" \/><figcaption class=\"wp-element-caption\">Quand deux clubs ne font qu&#8217;un pour se transmettre le t\u00e9moin&#8230;<\/figcaption><\/figure>\n\n\n\n<p><\/p>\n\n\n\n<p>En 2026, cet \u00e9v\u00e9nement aura lieu en Mayenne, du 02 au 09 ao\u00fbt, le village f\u00e9d\u00e9ral \u00e9tant bas\u00e9 \u00e0 Ch\u00e2teau-Gontier-sur-Mayenne, et deviendra &#8220;<strong> Festival International de Cyclotourisme<\/strong>&#8221; afin d\u2019accentuer sa mission de convivialit\u00e9 et d&#8217;ouverture \u00e0 tout type de participants. Cyclos passionn\u00e9s et amateurs, touristes, familles, curieux \u2026 Vous \u00eates attendus nombreux munis de vos v\u00e9los, vos casques et vos gourdes pour d\u00e9couvrir notre magnifique territoire.<\/p>\n\n\n\n<p class=\"has-text-align-center\">Rendez-vous sur <\/p>\n\n\n\n<p class=\"has-text-align-center\"><a href=\"https:\/\/semaine-federale.ffvelo.fr\/2026\"><strong>https:\/\/semaine-federale.ffvelo.fr\/2026<\/strong><\/a><\/p>\n\n\n\n<p><\/p>\n","protected":false},"excerpt":{"rendered":"<p>La 86e \u00e9dition de la Semaine f\u00e9d\u00e9rale internationale de cyclotourisme&nbsp; s\u2019est achev\u00e9e le 10 ao\u00fbt dernier avec un bilan positif tant pour les participants que<\/p>\n","protected":false},"author":1,"featured_media":0,"comment_status":"open","ping_status":"open","sticky":false,"template":"","format":"standard","meta":{"footnotes":""},"categories":[11],"tags":[],"class_list":["post-4532","post","type-post","status-publish","format-standard","hentry","category-notre-actualite"],"yoast_head":"<!-- This site is optimized with the Yoast SEO plugin v27.5 - https:\/\/yoast.com\/product\/yoast-seo-wordpress\/ -->\n<title>Souvenirs d&#039;Orl\u00e9ans - CYCLOS DES AVALOIRS<\/title>\n<meta name=\"robots\" content=\"index, follow, max-snippet:-1, max-image-preview:large, max-video-preview:-1\" \/>\n<link rel=\"canonical\" href=\"https:\/\/cyclosdesavaloirs.fr\/index.php\/2025\/08\/20\/souvenirs-dorleans\/\" \/>\n<meta property=\"og:locale\" content=\"en_US\" \/>\n<meta property=\"og:type\" content=\"article\" \/>\n<meta property=\"og:title\" content=\"Souvenirs d&#039;Orl\u00e9ans - CYCLOS DES AVALOIRS\" \/>\n<meta property=\"og:description\" content=\"La 86e \u00e9dition de la Semaine f\u00e9d\u00e9rale internationale de cyclotourisme&nbsp; s\u2019est achev\u00e9e le 10 ao\u00fbt dernier avec un bilan positif tant pour les participants que\" \/>\n<meta property=\"og:url\" content=\"https:\/\/cyclosdesavaloirs.fr\/index.php\/2025\/08\/20\/souvenirs-dorleans\/\" \/>\n<meta property=\"og:site_name\" content=\"CYCLOS DES AVALOIRS\" \/>\n<meta property=\"article:publisher\" content=\"https:\/\/www.facebook.com\/Cyclos-des-Avaloirs-108867535260146\" \/>\n<meta property=\"article:published_time\" content=\"2025-08-20T15:11:30+00:00\" \/>\n<meta property=\"article:modified_time\" content=\"2025-08-20T15:44:05+00:00\" \/>\n<meta property=\"og:image\" content=\"https:\/\/cyclosdesavaloirs.fr\/wp-content\/uploads\/2025\/08\/image-7.png\" \/>\n<meta name=\"author\" content=\"admin4106\" \/>\n<meta name=\"twitter:card\" content=\"summary_large_image\" \/>\n<meta name=\"twitter:label1\" content=\"Written by\" \/>\n\t<meta name=\"twitter:data1\" content=\"admin4106\" \/>\n\t<meta name=\"twitter:label2\" content=\"Est. reading time\" \/>\n\t<meta name=\"twitter:data2\" content=\"2 minutes\" \/>\n<script type=\"application\/ld+json\" class=\"yoast-schema-graph\">{\"@context\":\"https:\\\/\\\/schema.org\",\"@graph\":[{\"@type\":\"Article\",\"@id\":\"https:\\\/\\\/cyclosdesavaloirs.fr\\\/index.php\\\/2025\\\/08\\\/20\\\/souvenirs-dorleans\\\/#article\",\"isPartOf\":{\"@id\":\"https:\\\/\\\/cyclosdesavaloirs.fr\\\/index.php\\\/2025\\\/08\\\/20\\\/souvenirs-dorleans\\\/\"},\"author\":{\"name\":\"admin4106\",\"@id\":\"https:\\\/\\\/cyclosdesavaloirs.fr\\\/#\\\/schema\\\/person\\\/dc990e561058b9b924c9569b16687c01\"},\"headline\":\"Souvenirs d&#8217;Orl\u00e9ans\",\"datePublished\":\"2025-08-20T15:11:30+00:00\",\"dateModified\":\"2025-08-20T15:44:05+00:00\",\"mainEntityOfPage\":{\"@id\":\"https:\\\/\\\/cyclosdesavaloirs.fr\\\/index.php\\\/2025\\\/08\\\/20\\\/souvenirs-dorleans\\\/\"},\"wordCount\":227,\"commentCount\":0,\"publisher\":{\"@id\":\"https:\\\/\\\/cyclosdesavaloirs.fr\\\/#organization\"},\"image\":{\"@id\":\"https:\\\/\\\/cyclosdesavaloirs.fr\\\/index.php\\\/2025\\\/08\\\/20\\\/souvenirs-dorleans\\\/#primaryimage\"},\"thumbnailUrl\":\"https:\\\/\\\/cyclosdesavaloirs.fr\\\/wp-content\\\/uploads\\\/2025\\\/08\\\/image-7.png\",\"articleSection\":[\"NOTRE ACTUALITE\"],\"inLanguage\":\"en-US\",\"potentialAction\":[{\"@type\":\"CommentAction\",\"name\":\"Comment\",\"target\":[\"https:\\\/\\\/cyclosdesavaloirs.fr\\\/index.php\\\/2025\\\/08\\\/20\\\/souvenirs-dorleans\\\/#respond\"]}]},{\"@type\":\"WebPage\",\"@id\":\"https:\\\/\\\/cyclosdesavaloirs.fr\\\/index.php\\\/2025\\\/08\\\/20\\\/souvenirs-dorleans\\\/\",\"url\":\"https:\\\/\\\/cyclosdesavaloirs.fr\\\/index.php\\\/2025\\\/08\\\/20\\\/souvenirs-dorleans\\\/\",\"name\":\"Souvenirs d'Orl\u00e9ans - CYCLOS DES AVALOIRS\",\"isPartOf\":{\"@id\":\"https:\\\/\\\/cyclosdesavaloirs.fr\\\/#website\"},\"primaryImageOfPage\":{\"@id\":\"https:\\\/\\\/cyclosdesavaloirs.fr\\\/index.php\\\/2025\\\/08\\\/20\\\/souvenirs-dorleans\\\/#primaryimage\"},\"image\":{\"@id\":\"https:\\\/\\\/cyclosdesavaloirs.fr\\\/index.php\\\/2025\\\/08\\\/20\\\/souvenirs-dorleans\\\/#primaryimage\"},\"thumbnailUrl\":\"https:\\\/\\\/cyclosdesavaloirs.fr\\\/wp-content\\\/uploads\\\/2025\\\/08\\\/image-7.png\",\"datePublished\":\"2025-08-20T15:11:30+00:00\",\"dateModified\":\"2025-08-20T15:44:05+00:00\",\"breadcrumb\":{\"@id\":\"https:\\\/\\\/cyclosdesavaloirs.fr\\\/index.php\\\/2025\\\/08\\\/20\\\/souvenirs-dorleans\\\/#breadcrumb\"},\"inLanguage\":\"en-US\",\"potentialAction\":[{\"@type\":\"ReadAction\",\"target\":[\"https:\\\/\\\/cyclosdesavaloirs.fr\\\/index.php\\\/2025\\\/08\\\/20\\\/souvenirs-dorleans\\\/\"]}]},{\"@type\":\"ImageObject\",\"inLanguage\":\"en-US\",\"@id\":\"https:\\\/\\\/cyclosdesavaloirs.fr\\\/index.php\\\/2025\\\/08\\\/20\\\/souvenirs-dorleans\\\/#primaryimage\",\"url\":\"https:\\\/\\\/cyclosdesavaloirs.fr\\\/wp-content\\\/uploads\\\/2025\\\/08\\\/image-7.png\",\"contentUrl\":\"https:\\\/\\\/cyclosdesavaloirs.fr\\\/wp-content\\\/uploads\\\/2025\\\/08\\\/image-7.png\",\"width\":726,\"height\":1024},{\"@type\":\"BreadcrumbList\",\"@id\":\"https:\\\/\\\/cyclosdesavaloirs.fr\\\/index.php\\\/2025\\\/08\\\/20\\\/souvenirs-dorleans\\\/#breadcrumb\",\"itemListElement\":[{\"@type\":\"ListItem\",\"position\":1,\"name\":\"Accueil\",\"item\":\"https:\\\/\\\/cyclosdesavaloirs.fr\\\/\"},{\"@type\":\"ListItem\",\"position\":2,\"name\":\"Souvenirs d&#8217;Orl\u00e9ans\"}]},{\"@type\":\"WebSite\",\"@id\":\"https:\\\/\\\/cyclosdesavaloirs.fr\\\/#website\",\"url\":\"https:\\\/\\\/cyclosdesavaloirs.fr\\\/\",\"name\":\"CYCLOS DES AVALOIRS\",\"description\":\"A v\u00e9lo, tout est plus beau et \u00e0 plusieurs, c&#039;est encore meilleur !\",\"publisher\":{\"@id\":\"https:\\\/\\\/cyclosdesavaloirs.fr\\\/#organization\"},\"potentialAction\":[{\"@type\":\"SearchAction\",\"target\":{\"@type\":\"EntryPoint\",\"urlTemplate\":\"https:\\\/\\\/cyclosdesavaloirs.fr\\\/?s={search_term_string}\"},\"query-input\":{\"@type\":\"PropertyValueSpecification\",\"valueRequired\":true,\"valueName\":\"search_term_string\"}}],\"inLanguage\":\"en-US\"},{\"@type\":\"Organization\",\"@id\":\"https:\\\/\\\/cyclosdesavaloirs.fr\\\/#organization\",\"name\":\"CYCLOS DES AVALOIRS\",\"url\":\"https:\\\/\\\/cyclosdesavaloirs.fr\\\/\",\"logo\":{\"@type\":\"ImageObject\",\"inLanguage\":\"en-US\",\"@id\":\"https:\\\/\\\/cyclosdesavaloirs.fr\\\/#\\\/schema\\\/logo\\\/image\\\/\",\"url\":\"https:\\\/\\\/cyclosdesavaloirs.fr\\\/wp-content\\\/uploads\\\/2022\\\/06\\\/cropped-cropped-cropped-cropped-LOGO_CYLCOS-1.png\",\"contentUrl\":\"https:\\\/\\\/cyclosdesavaloirs.fr\\\/wp-content\\\/uploads\\\/2022\\\/06\\\/cropped-cropped-cropped-cropped-LOGO_CYLCOS-1.png\",\"width\":240,\"height\":240,\"caption\":\"CYCLOS DES AVALOIRS\"},\"image\":{\"@id\":\"https:\\\/\\\/cyclosdesavaloirs.fr\\\/#\\\/schema\\\/logo\\\/image\\\/\"},\"sameAs\":[\"https:\\\/\\\/www.facebook.com\\\/Cyclos-des-Avaloirs-108867535260146\"]},{\"@type\":\"Person\",\"@id\":\"https:\\\/\\\/cyclosdesavaloirs.fr\\\/#\\\/schema\\\/person\\\/dc990e561058b9b924c9569b16687c01\",\"name\":\"admin4106\",\"image\":{\"@type\":\"ImageObject\",\"inLanguage\":\"en-US\",\"@id\":\"https:\\\/\\\/secure.gravatar.com\\\/avatar\\\/259677e7322e5ca7aeab0675ddee6da680e2035073d9e7fba6a850ea7d1b329b?s=96&d=mm&r=g\",\"url\":\"https:\\\/\\\/secure.gravatar.com\\\/avatar\\\/259677e7322e5ca7aeab0675ddee6da680e2035073d9e7fba6a850ea7d1b329b?s=96&d=mm&r=g\",\"contentUrl\":\"https:\\\/\\\/secure.gravatar.com\\\/avatar\\\/259677e7322e5ca7aeab0675ddee6da680e2035073d9e7fba6a850ea7d1b329b?s=96&d=mm&r=g\",\"caption\":\"admin4106\"},\"sameAs\":[\"http:\\\/\\\/cyclosdesavaloirs.fr\"],\"url\":\"https:\\\/\\\/cyclosdesavaloirs.fr\\\/index.php\\\/author\\\/admin4106\\\/\"}]}<\/script>\n<!-- \/ Yoast SEO plugin. -->","yoast_head_json":{"title":"Souvenirs d'Orl\u00e9ans - CYCLOS DES AVALOIRS","robots":{"index":"index","follow":"follow","max-snippet":"max-snippet:-1","max-image-preview":"max-image-preview:large","max-video-preview":"max-video-preview:-1"},"canonical":"https:\/\/cyclosdesavaloirs.fr\/index.php\/2025\/08\/20\/souvenirs-dorleans\/","og_locale":"en_US","og_type":"article","og_title":"Souvenirs d'Orl\u00e9ans - CYCLOS DES AVALOIRS","og_description":"La 86e \u00e9dition de la Semaine f\u00e9d\u00e9rale internationale de cyclotourisme&nbsp; s\u2019est achev\u00e9e le 10 ao\u00fbt dernier avec un bilan positif tant pour les participants que","og_url":"https:\/\/cyclosdesavaloirs.fr\/index.php\/2025\/08\/20\/souvenirs-dorleans\/","og_site_name":"CYCLOS DES AVALOIRS","article_publisher":"https:\/\/www.facebook.com\/Cyclos-des-Avaloirs-108867535260146","article_published_time":"2025-08-20T15:11:30+00:00","article_modified_time":"2025-08-20T15:44:05+00:00","og_image":[{"url":"https:\/\/cyclosdesavaloirs.fr\/wp-content\/uploads\/2025\/08\/image-7.png","type":"","width":"","height":""}],"author":"admin4106","twitter_card":"summary_large_image","twitter_misc":{"Written by":"admin4106","Est. reading time":"2 minutes"},"schema":{"@context":"https:\/\/schema.org","@graph":[{"@type":"Article","@id":"https:\/\/cyclosdesavaloirs.fr\/index.php\/2025\/08\/20\/souvenirs-dorleans\/#article","isPartOf":{"@id":"https:\/\/cyclosdesavaloirs.fr\/index.php\/2025\/08\/20\/souvenirs-dorleans\/"},"author":{"name":"admin4106","@id":"https:\/\/cyclosdesavaloirs.fr\/#\/schema\/person\/dc990e561058b9b924c9569b16687c01"},"headline":"Souvenirs d&#8217;Orl\u00e9ans","datePublished":"2025-08-20T15:11:30+00:00","dateModified":"2025-08-20T15:44:05+00:00","mainEntityOfPage":{"@id":"https:\/\/cyclosdesavaloirs.fr\/index.php\/2025\/08\/20\/souvenirs-dorleans\/"},"wordCount":227,"commentCount":0,"publisher":{"@id":"https:\/\/cyclosdesavaloirs.fr\/#organization"},"image":{"@id":"https:\/\/cyclosdesavaloirs.fr\/index.php\/2025\/08\/20\/souvenirs-dorleans\/#primaryimage"},"thumbnailUrl":"https:\/\/cyclosdesavaloirs.fr\/wp-content\/uploads\/2025\/08\/image-7.png","articleSection":["NOTRE ACTUALITE"],"inLanguage":"en-US","potentialAction":[{"@type":"CommentAction","name":"Comment","target":["https:\/\/cyclosdesavaloirs.fr\/index.php\/2025\/08\/20\/souvenirs-dorleans\/#respond"]}]},{"@type":"WebPage","@id":"https:\/\/cyclosdesavaloirs.fr\/index.php\/2025\/08\/20\/souvenirs-dorleans\/","url":"https:\/\/cyclosdesavaloirs.fr\/index.php\/2025\/08\/20\/souvenirs-dorleans\/","name":"Souvenirs d'Orl\u00e9ans - CYCLOS DES AVALOIRS","isPartOf":{"@id":"https:\/\/cyclosdesavaloirs.fr\/#website"},"primaryImageOfPage":{"@id":"https:\/\/cyclosdesavaloirs.fr\/index.php\/2025\/08\/20\/souvenirs-dorleans\/#primaryimage"},"image":{"@id":"https:\/\/cyclosdesavaloirs.fr\/index.php\/2025\/08\/20\/souvenirs-dorleans\/#primaryimage"},"thumbnailUrl":"https:\/\/cyclosdesavaloirs.fr\/wp-content\/uploads\/2025\/08\/image-7.png","datePublished":"2025-08-20T15:11:30+00:00","dateModified":"2025-08-20T15:44:05+00:00","breadcrumb":{"@id":"https:\/\/cyclosdesavaloirs.fr\/index.php\/2025\/08\/20\/souvenirs-dorleans\/#breadcrumb"},"inLanguage":"en-US","potentialAction":[{"@type":"ReadAction","target":["https:\/\/cyclosdesavaloirs.fr\/index.php\/2025\/08\/20\/souvenirs-dorleans\/"]}]},{"@type":"ImageObject","inLanguage":"en-US","@id":"https:\/\/cyclosdesavaloirs.fr\/index.php\/2025\/08\/20\/souvenirs-dorleans\/#primaryimage","url":"https:\/\/cyclosdesavaloirs.fr\/wp-content\/uploads\/2025\/08\/image-7.png","contentUrl":"https:\/\/cyclosdesavaloirs.fr\/wp-content\/uploads\/2025\/08\/image-7.png","width":726,"height":1024},{"@type":"BreadcrumbList","@id":"https:\/\/cyclosdesavaloirs.fr\/index.php\/2025\/08\/20\/souvenirs-dorleans\/#breadcrumb","itemListElement":[{"@type":"ListItem","position":1,"name":"Accueil","item":"https:\/\/cyclosdesavaloirs.fr\/"},{"@type":"ListItem","position":2,"name":"Souvenirs d&#8217;Orl\u00e9ans"}]},{"@type":"WebSite","@id":"https:\/\/cyclosdesavaloirs.fr\/#website","url":"https:\/\/cyclosdesavaloirs.fr\/","name":"CYCLOS DES AVALOIRS","description":"A v\u00e9lo, tout est plus beau et \u00e0 plusieurs, c&#039;est encore meilleur !","publisher":{"@id":"https:\/\/cyclosdesavaloirs.fr\/#organization"},"potentialAction":[{"@type":"SearchAction","target":{"@type":"EntryPoint","urlTemplate":"https:\/\/cyclosdesavaloirs.fr\/?s={search_term_string}"},"query-input":{"@type":"PropertyValueSpecification","valueRequired":true,"valueName":"search_term_string"}}],"inLanguage":"en-US"},{"@type":"Organization","@id":"https:\/\/cyclosdesavaloirs.fr\/#organization","name":"CYCLOS DES AVALOIRS","url":"https:\/\/cyclosdesavaloirs.fr\/","logo":{"@type":"ImageObject","inLanguage":"en-US","@id":"https:\/\/cyclosdesavaloirs.fr\/#\/schema\/logo\/image\/","url":"https:\/\/cyclosdesavaloirs.fr\/wp-content\/uploads\/2022\/06\/cropped-cropped-cropped-cropped-LOGO_CYLCOS-1.png","contentUrl":"https:\/\/cyclosdesavaloirs.fr\/wp-content\/uploads\/2022\/06\/cropped-cropped-cropped-cropped-LOGO_CYLCOS-1.png","width":240,"height":240,"caption":"CYCLOS DES AVALOIRS"},"image":{"@id":"https:\/\/cyclosdesavaloirs.fr\/#\/schema\/logo\/image\/"},"sameAs":["https:\/\/www.facebook.com\/Cyclos-des-Avaloirs-108867535260146"]},{"@type":"Person","@id":"https:\/\/cyclosdesavaloirs.fr\/#\/schema\/person\/dc990e561058b9b924c9569b16687c01","name":"admin4106","image":{"@type":"ImageObject","inLanguage":"en-US","@id":"https:\/\/secure.gravatar.com\/avatar\/259677e7322e5ca7aeab0675ddee6da680e2035073d9e7fba6a850ea7d1b329b?s=96&d=mm&r=g","url":"https:\/\/secure.gravatar.com\/avatar\/259677e7322e5ca7aeab0675ddee6da680e2035073d9e7fba6a850ea7d1b329b?s=96&d=mm&r=g","contentUrl":"https:\/\/secure.gravatar.com\/avatar\/259677e7322e5ca7aeab0675ddee6da680e2035073d9e7fba6a850ea7d1b329b?s=96&d=mm&r=g","caption":"admin4106"},"sameAs":["http:\/\/cyclosdesavaloirs.fr"],"url":"https:\/\/cyclosdesavaloirs.fr\/index.php\/author\/admin4106\/"}]}},"_links":{"self":[{"href":"https:\/\/cyclosdesavaloirs.fr\/index.php\/wp-json\/wp\/v2\/posts\/4532","targetHints":{"allow":["GET"]}}],"collection":[{"href":"https:\/\/cyclosdesavaloirs.fr\/index.php\/wp-json\/wp\/v2\/posts"}],"about":[{"href":"https:\/\/cyclosdesavaloirs.fr\/index.php\/wp-json\/wp\/v2\/types\/post"}],"author":[{"embeddable":true,"href":"https:\/\/cyclosdesavaloirs.fr\/index.php\/wp-json\/wp\/v2\/users\/1"}],"replies":[{"embeddable":true,"href":"https:\/\/cyclosdesavaloirs.fr\/index.php\/wp-json\/wp\/v2\/comments?post=4532"}],"version-history":[{"count":5,"href":"https:\/\/cyclosdesavaloirs.fr\/index.php\/wp-json\/wp\/v2\/posts\/4532\/revisions"}],"predecessor-version":[{"id":4541,"href":"https:\/\/cyclosdesavaloirs.fr\/index.php\/wp-json\/wp\/v2\/posts\/4532\/revisions\/4541"}],"wp:attachment":[{"href":"https:\/\/cyclosdesavaloirs.fr\/index.php\/wp-json\/wp\/v2\/media?parent=4532"}],"wp:term":[{"taxonomy":"category","embeddable":true,"href":"https:\/\/cyclosdesavaloirs.fr\/index.php\/wp-json\/wp\/v2\/categories?post=4532"},{"taxonomy":"post_tag","embeddable":true,"href":"https:\/\/cyclosdesavaloirs.fr\/index.php\/wp-json\/wp\/v2\/tags?post=4532"}],"curies":[{"name":"wp","href":"https:\/\/api.w.org\/{rel}","templated":true}]}}