{"id":4673,"date":"2025-09-22T08:19:30","date_gmt":"2025-09-22T06:19:30","guid":{"rendered":"https:\/\/cyclosdesavaloirs.fr\/?p=4673"},"modified":"2025-09-23T08:50:56","modified_gmt":"2025-09-23T06:50:56","slug":"4673","status":"publish","type":"post","link":"https:\/\/cyclosdesavaloirs.fr\/index.php\/2025\/09\/22\/4673\/","title":{"rendered":"Sortie interclubs : aux plaisirs de rouler ensemble"},"content":{"rendered":"\n<p>Ce dimanche 21 septembre, les routes du Nord-Est Mayennais ont vibr\u00e9 au rythme des p\u00e9daliers avec la traditionnelle sortie interclubs organis\u00e9e cette ann\u00e9e par le club <strong>Rout\u2019Sentiers de Courcit\u00e9-Averton-Saint-Aubin<\/strong>. Le <strong>Cyclo Club de Villaines-la-Juhel<\/strong>, la <strong>P\u00e9dale Horp\u00e9enne<\/strong> et les <strong>Cyclos des Avaloirs<\/strong> avaient r\u00e9pondu pr\u00e9sents pour cette 4\u00e8me \u00e9dition.<\/p>\n\n\n<div class=\"wp-block-image is-style-rounded\">\n<figure class=\"aligncenter size-large\"><img loading=\"lazy\" decoding=\"async\" width=\"1024\" height=\"768\" src=\"https:\/\/cyclosdesavaloirs.fr\/wp-content\/uploads\/2025\/09\/PHOTO-2025-09-21-21-33-52-1024x768.jpg\" alt=\"\" class=\"wp-image-4674\" srcset=\"https:\/\/cyclosdesavaloirs.fr\/wp-content\/uploads\/2025\/09\/PHOTO-2025-09-21-21-33-52-1024x768.jpg 1024w, https:\/\/cyclosdesavaloirs.fr\/wp-content\/uploads\/2025\/09\/PHOTO-2025-09-21-21-33-52-300x225.jpg 300w, https:\/\/cyclosdesavaloirs.fr\/wp-content\/uploads\/2025\/09\/PHOTO-2025-09-21-21-33-52-768x576.jpg 768w, https:\/\/cyclosdesavaloirs.fr\/wp-content\/uploads\/2025\/09\/PHOTO-2025-09-21-21-33-52-1536x1152.jpg 1536w, https:\/\/cyclosdesavaloirs.fr\/wp-content\/uploads\/2025\/09\/PHOTO-2025-09-21-21-33-52-600x450.jpg 600w, https:\/\/cyclosdesavaloirs.fr\/wp-content\/uploads\/2025\/09\/PHOTO-2025-09-21-21-33-52.jpg 1600w\" sizes=\"auto, (max-width: 1024px) 100vw, 1024px\" \/><\/figure>\n<\/div>\n\n\n<p>Pr\u00e8s d\u2019une cinquantaine de participants se sont \u00e9lanc\u00e9s sous un ciel cl\u00e9ment, r\u00e9partis en trois groupes adapt\u00e9s \u00e0 chaque niveau. L\u2019objectif : que chacun puisse rouler \u00e0 son rythme, tout en partageant le plaisir de la route et la convivialit\u00e9.<\/p>\n\n\n<div class=\"wp-block-image is-style-rounded\">\n<figure class=\"aligncenter size-large\"><img loading=\"lazy\" decoding=\"async\" width=\"1024\" height=\"768\" src=\"https:\/\/cyclosdesavaloirs.fr\/wp-content\/uploads\/2025\/09\/PHOTO-2025-09-21-21-33-53-1-1024x768.jpg\" alt=\"\" class=\"wp-image-4675\" srcset=\"https:\/\/cyclosdesavaloirs.fr\/wp-content\/uploads\/2025\/09\/PHOTO-2025-09-21-21-33-53-1-1024x768.jpg 1024w, https:\/\/cyclosdesavaloirs.fr\/wp-content\/uploads\/2025\/09\/PHOTO-2025-09-21-21-33-53-1-300x225.jpg 300w, https:\/\/cyclosdesavaloirs.fr\/wp-content\/uploads\/2025\/09\/PHOTO-2025-09-21-21-33-53-1-768x576.jpg 768w, https:\/\/cyclosdesavaloirs.fr\/wp-content\/uploads\/2025\/09\/PHOTO-2025-09-21-21-33-53-1-1536x1152.jpg 1536w, https:\/\/cyclosdesavaloirs.fr\/wp-content\/uploads\/2025\/09\/PHOTO-2025-09-21-21-33-53-1-600x450.jpg 600w, https:\/\/cyclosdesavaloirs.fr\/wp-content\/uploads\/2025\/09\/PHOTO-2025-09-21-21-33-53-1.jpg 2040w\" sizes=\"auto, (max-width: 1024px) 100vw, 1024px\" \/><\/figure>\n<\/div>\n\n<div class=\"wp-block-image is-style-rounded\">\n<figure class=\"aligncenter size-large\"><img loading=\"lazy\" decoding=\"async\" width=\"1024\" height=\"768\" src=\"https:\/\/cyclosdesavaloirs.fr\/wp-content\/uploads\/2025\/09\/PHOTO-2025-09-21-21-33-53-1024x768.jpg\" alt=\"\" class=\"wp-image-4676\" srcset=\"https:\/\/cyclosdesavaloirs.fr\/wp-content\/uploads\/2025\/09\/PHOTO-2025-09-21-21-33-53-1024x768.jpg 1024w, https:\/\/cyclosdesavaloirs.fr\/wp-content\/uploads\/2025\/09\/PHOTO-2025-09-21-21-33-53-300x225.jpg 300w, https:\/\/cyclosdesavaloirs.fr\/wp-content\/uploads\/2025\/09\/PHOTO-2025-09-21-21-33-53-768x576.jpg 768w, https:\/\/cyclosdesavaloirs.fr\/wp-content\/uploads\/2025\/09\/PHOTO-2025-09-21-21-33-53-1536x1152.jpg 1536w, https:\/\/cyclosdesavaloirs.fr\/wp-content\/uploads\/2025\/09\/PHOTO-2025-09-21-21-33-53-600x450.jpg 600w, https:\/\/cyclosdesavaloirs.fr\/wp-content\/uploads\/2025\/09\/PHOTO-2025-09-21-21-33-53.jpg 1600w\" sizes=\"auto, (max-width: 1024px) 100vw, 1024px\" \/><\/figure>\n<\/div>\n\n\n<p>Au-del\u00e0 du simple effort sportif, cette sortie a permis de <strong>renforcer les liens d\u2019amiti\u00e9 entre nos associations<\/strong> et de prolonger l\u2019esprit de camaraderie qui nous unit. Comme \u00e0 l\u2019accoutum\u00e9e, l\u2019accueil propos\u00e9 par le club organisateur a \u00e9t\u00e9 particuli\u00e8rement chaleureux et appr\u00e9ci\u00e9 de tous.<\/p>\n\n\n<div class=\"wp-block-image is-style-rounded\">\n<figure class=\"aligncenter size-large\"><img loading=\"lazy\" decoding=\"async\" width=\"1024\" height=\"768\" src=\"https:\/\/cyclosdesavaloirs.fr\/wp-content\/uploads\/2025\/09\/PHOTO-2025-09-21-21-33-54-1024x768.jpg\" alt=\"\" class=\"wp-image-4677\" srcset=\"https:\/\/cyclosdesavaloirs.fr\/wp-content\/uploads\/2025\/09\/PHOTO-2025-09-21-21-33-54-1024x768.jpg 1024w, https:\/\/cyclosdesavaloirs.fr\/wp-content\/uploads\/2025\/09\/PHOTO-2025-09-21-21-33-54-300x225.jpg 300w, https:\/\/cyclosdesavaloirs.fr\/wp-content\/uploads\/2025\/09\/PHOTO-2025-09-21-21-33-54-768x576.jpg 768w, https:\/\/cyclosdesavaloirs.fr\/wp-content\/uploads\/2025\/09\/PHOTO-2025-09-21-21-33-54-1536x1152.jpg 1536w, https:\/\/cyclosdesavaloirs.fr\/wp-content\/uploads\/2025\/09\/PHOTO-2025-09-21-21-33-54-600x450.jpg 600w, https:\/\/cyclosdesavaloirs.fr\/wp-content\/uploads\/2025\/09\/PHOTO-2025-09-21-21-33-54.jpg 2040w\" sizes=\"auto, (max-width: 1024px) 100vw, 1024px\" \/><\/figure>\n<\/div>\n\n\n<p>Sylvain B., Pr\u00e9sident des Cyclos des Avaloirs, profitait du verre de l&#8217;amiti\u00e9 pour remettre le Challenge Alain Savary au club local, laur\u00e9at du troph\u00e9e 2025 pour la deuxi\u00e8me ann\u00e9e cons\u00e9cutive.<\/p>\n\n\n<div class=\"wp-block-image is-style-rounded\">\n<figure class=\"aligncenter size-large\"><img loading=\"lazy\" decoding=\"async\" width=\"1024\" height=\"768\" src=\"https:\/\/cyclosdesavaloirs.fr\/wp-content\/uploads\/2025\/09\/PHOTO-2025-09-22-18-24-42-1024x768.jpg\" alt=\"\" class=\"wp-image-4685\" srcset=\"https:\/\/cyclosdesavaloirs.fr\/wp-content\/uploads\/2025\/09\/PHOTO-2025-09-22-18-24-42-1024x768.jpg 1024w, https:\/\/cyclosdesavaloirs.fr\/wp-content\/uploads\/2025\/09\/PHOTO-2025-09-22-18-24-42-300x225.jpg 300w, https:\/\/cyclosdesavaloirs.fr\/wp-content\/uploads\/2025\/09\/PHOTO-2025-09-22-18-24-42-768x576.jpg 768w, https:\/\/cyclosdesavaloirs.fr\/wp-content\/uploads\/2025\/09\/PHOTO-2025-09-22-18-24-42-1536x1152.jpg 1536w, https:\/\/cyclosdesavaloirs.fr\/wp-content\/uploads\/2025\/09\/PHOTO-2025-09-22-18-24-42-600x450.jpg 600w, https:\/\/cyclosdesavaloirs.fr\/wp-content\/uploads\/2025\/09\/PHOTO-2025-09-22-18-24-42.jpg 1600w\" sizes=\"auto, (max-width: 1024px) 100vw, 1024px\" \/><\/figure>\n<\/div>\n\n\n<p>Un grand merci aux <strong>Rout\u2019Sentiers<\/strong> pour leur organisation et leur hospitalit\u00e9. <\/p>\n\n\n\n<p><\/p>\n","protected":false},"excerpt":{"rendered":"<p>Ce dimanche 21 septembre, les routes du Nord-Est Mayennais ont vibr\u00e9 au rythme des p\u00e9daliers avec la traditionnelle sortie interclubs organis\u00e9e cette ann\u00e9e par le<\/p>\n","protected":false},"author":1,"featured_media":0,"comment_status":"open","ping_status":"open","sticky":false,"template":"","format":"standard","meta":{"footnotes":""},"categories":[11],"tags":[],"class_list":["post-4673","post","type-post","status-publish","format-standard","hentry","category-notre-actualite"],"yoast_head":"<!-- This site is optimized with the Yoast SEO plugin v27.5 - https:\/\/yoast.com\/product\/yoast-seo-wordpress\/ -->\n<title>Sortie interclubs : aux plaisirs de rouler ensemble - CYCLOS DES AVALOIRS<\/title>\n<meta name=\"robots\" content=\"index, follow, max-snippet:-1, max-image-preview:large, max-video-preview:-1\" \/>\n<link rel=\"canonical\" href=\"https:\/\/cyclosdesavaloirs.fr\/index.php\/2025\/09\/22\/4673\/\" \/>\n<meta property=\"og:locale\" content=\"en_US\" \/>\n<meta property=\"og:type\" content=\"article\" \/>\n<meta property=\"og:title\" content=\"Sortie interclubs : aux plaisirs de rouler ensemble - CYCLOS DES AVALOIRS\" \/>\n<meta property=\"og:description\" content=\"Ce dimanche 21 septembre, les routes du Nord-Est Mayennais ont vibr\u00e9 au rythme des p\u00e9daliers avec la traditionnelle sortie interclubs organis\u00e9e cette ann\u00e9e par le\" \/>\n<meta property=\"og:url\" content=\"https:\/\/cyclosdesavaloirs.fr\/index.php\/2025\/09\/22\/4673\/\" \/>\n<meta property=\"og:site_name\" content=\"CYCLOS DES AVALOIRS\" \/>\n<meta property=\"article:publisher\" content=\"https:\/\/www.facebook.com\/Cyclos-des-Avaloirs-108867535260146\" \/>\n<meta property=\"article:published_time\" content=\"2025-09-22T06:19:30+00:00\" \/>\n<meta property=\"article:modified_time\" content=\"2025-09-23T06:50:56+00:00\" \/>\n<meta property=\"og:image\" content=\"https:\/\/cyclosdesavaloirs.fr\/wp-content\/uploads\/2025\/09\/PHOTO-2025-09-21-21-33-52-1024x768.jpg\" \/>\n<meta name=\"author\" content=\"admin4106\" \/>\n<meta name=\"twitter:card\" content=\"summary_large_image\" \/>\n<meta name=\"twitter:label1\" content=\"Written by\" \/>\n\t<meta name=\"twitter:data1\" content=\"admin4106\" \/>\n\t<meta name=\"twitter:label2\" content=\"Est. reading time\" \/>\n\t<meta name=\"twitter:data2\" content=\"2 minutes\" \/>\n<script type=\"application\/ld+json\" class=\"yoast-schema-graph\">{\"@context\":\"https:\\\/\\\/schema.org\",\"@graph\":[{\"@type\":\"Article\",\"@id\":\"https:\\\/\\\/cyclosdesavaloirs.fr\\\/index.php\\\/2025\\\/09\\\/22\\\/4673\\\/#article\",\"isPartOf\":{\"@id\":\"https:\\\/\\\/cyclosdesavaloirs.fr\\\/index.php\\\/2025\\\/09\\\/22\\\/4673\\\/\"},\"author\":{\"name\":\"admin4106\",\"@id\":\"https:\\\/\\\/cyclosdesavaloirs.fr\\\/#\\\/schema\\\/person\\\/dc990e561058b9b924c9569b16687c01\"},\"headline\":\"Sortie interclubs : aux plaisirs de rouler ensemble\",\"datePublished\":\"2025-09-22T06:19:30+00:00\",\"dateModified\":\"2025-09-23T06:50:56+00:00\",\"mainEntityOfPage\":{\"@id\":\"https:\\\/\\\/cyclosdesavaloirs.fr\\\/index.php\\\/2025\\\/09\\\/22\\\/4673\\\/\"},\"wordCount\":205,\"commentCount\":0,\"publisher\":{\"@id\":\"https:\\\/\\\/cyclosdesavaloirs.fr\\\/#organization\"},\"image\":{\"@id\":\"https:\\\/\\\/cyclosdesavaloirs.fr\\\/index.php\\\/2025\\\/09\\\/22\\\/4673\\\/#primaryimage\"},\"thumbnailUrl\":\"https:\\\/\\\/cyclosdesavaloirs.fr\\\/wp-content\\\/uploads\\\/2025\\\/09\\\/PHOTO-2025-09-21-21-33-52-1024x768.jpg\",\"articleSection\":[\"NOTRE ACTUALITE\"],\"inLanguage\":\"en-US\",\"potentialAction\":[{\"@type\":\"CommentAction\",\"name\":\"Comment\",\"target\":[\"https:\\\/\\\/cyclosdesavaloirs.fr\\\/index.php\\\/2025\\\/09\\\/22\\\/4673\\\/#respond\"]}]},{\"@type\":\"WebPage\",\"@id\":\"https:\\\/\\\/cyclosdesavaloirs.fr\\\/index.php\\\/2025\\\/09\\\/22\\\/4673\\\/\",\"url\":\"https:\\\/\\\/cyclosdesavaloirs.fr\\\/index.php\\\/2025\\\/09\\\/22\\\/4673\\\/\",\"name\":\"Sortie interclubs : aux plaisirs de rouler ensemble - CYCLOS DES AVALOIRS\",\"isPartOf\":{\"@id\":\"https:\\\/\\\/cyclosdesavaloirs.fr\\\/#website\"},\"primaryImageOfPage\":{\"@id\":\"https:\\\/\\\/cyclosdesavaloirs.fr\\\/index.php\\\/2025\\\/09\\\/22\\\/4673\\\/#primaryimage\"},\"image\":{\"@id\":\"https:\\\/\\\/cyclosdesavaloirs.fr\\\/index.php\\\/2025\\\/09\\\/22\\\/4673\\\/#primaryimage\"},\"thumbnailUrl\":\"https:\\\/\\\/cyclosdesavaloirs.fr\\\/wp-content\\\/uploads\\\/2025\\\/09\\\/PHOTO-2025-09-21-21-33-52-1024x768.jpg\",\"datePublished\":\"2025-09-22T06:19:30+00:00\",\"dateModified\":\"2025-09-23T06:50:56+00:00\",\"breadcrumb\":{\"@id\":\"https:\\\/\\\/cyclosdesavaloirs.fr\\\/index.php\\\/2025\\\/09\\\/22\\\/4673\\\/#breadcrumb\"},\"inLanguage\":\"en-US\",\"potentialAction\":[{\"@type\":\"ReadAction\",\"target\":[\"https:\\\/\\\/cyclosdesavaloirs.fr\\\/index.php\\\/2025\\\/09\\\/22\\\/4673\\\/\"]}]},{\"@type\":\"ImageObject\",\"inLanguage\":\"en-US\",\"@id\":\"https:\\\/\\\/cyclosdesavaloirs.fr\\\/index.php\\\/2025\\\/09\\\/22\\\/4673\\\/#primaryimage\",\"url\":\"https:\\\/\\\/cyclosdesavaloirs.fr\\\/wp-content\\\/uploads\\\/2025\\\/09\\\/PHOTO-2025-09-21-21-33-52.jpg\",\"contentUrl\":\"https:\\\/\\\/cyclosdesavaloirs.fr\\\/wp-content\\\/uploads\\\/2025\\\/09\\\/PHOTO-2025-09-21-21-33-52.jpg\",\"width\":1600,\"height\":1200},{\"@type\":\"BreadcrumbList\",\"@id\":\"https:\\\/\\\/cyclosdesavaloirs.fr\\\/index.php\\\/2025\\\/09\\\/22\\\/4673\\\/#breadcrumb\",\"itemListElement\":[{\"@type\":\"ListItem\",\"position\":1,\"name\":\"Accueil\",\"item\":\"https:\\\/\\\/cyclosdesavaloirs.fr\\\/\"},{\"@type\":\"ListItem\",\"position\":2,\"name\":\"Sortie interclubs : aux plaisirs de rouler ensemble\"}]},{\"@type\":\"WebSite\",\"@id\":\"https:\\\/\\\/cyclosdesavaloirs.fr\\\/#website\",\"url\":\"https:\\\/\\\/cyclosdesavaloirs.fr\\\/\",\"name\":\"CYCLOS DES AVALOIRS\",\"description\":\"A v\u00e9lo, tout est plus beau et \u00e0 plusieurs, c&#039;est encore meilleur !\",\"publisher\":{\"@id\":\"https:\\\/\\\/cyclosdesavaloirs.fr\\\/#organization\"},\"potentialAction\":[{\"@type\":\"SearchAction\",\"target\":{\"@type\":\"EntryPoint\",\"urlTemplate\":\"https:\\\/\\\/cyclosdesavaloirs.fr\\\/?s={search_term_string}\"},\"query-input\":{\"@type\":\"PropertyValueSpecification\",\"valueRequired\":true,\"valueName\":\"search_term_string\"}}],\"inLanguage\":\"en-US\"},{\"@type\":\"Organization\",\"@id\":\"https:\\\/\\\/cyclosdesavaloirs.fr\\\/#organization\",\"name\":\"CYCLOS DES AVALOIRS\",\"url\":\"https:\\\/\\\/cyclosdesavaloirs.fr\\\/\",\"logo\":{\"@type\":\"ImageObject\",\"inLanguage\":\"en-US\",\"@id\":\"https:\\\/\\\/cyclosdesavaloirs.fr\\\/#\\\/schema\\\/logo\\\/image\\\/\",\"url\":\"https:\\\/\\\/cyclosdesavaloirs.fr\\\/wp-content\\\/uploads\\\/2022\\\/06\\\/cropped-cropped-cropped-cropped-LOGO_CYLCOS-1.png\",\"contentUrl\":\"https:\\\/\\\/cyclosdesavaloirs.fr\\\/wp-content\\\/uploads\\\/2022\\\/06\\\/cropped-cropped-cropped-cropped-LOGO_CYLCOS-1.png\",\"width\":240,\"height\":240,\"caption\":\"CYCLOS DES AVALOIRS\"},\"image\":{\"@id\":\"https:\\\/\\\/cyclosdesavaloirs.fr\\\/#\\\/schema\\\/logo\\\/image\\\/\"},\"sameAs\":[\"https:\\\/\\\/www.facebook.com\\\/Cyclos-des-Avaloirs-108867535260146\"]},{\"@type\":\"Person\",\"@id\":\"https:\\\/\\\/cyclosdesavaloirs.fr\\\/#\\\/schema\\\/person\\\/dc990e561058b9b924c9569b16687c01\",\"name\":\"admin4106\",\"image\":{\"@type\":\"ImageObject\",\"inLanguage\":\"en-US\",\"@id\":\"https:\\\/\\\/secure.gravatar.com\\\/avatar\\\/259677e7322e5ca7aeab0675ddee6da680e2035073d9e7fba6a850ea7d1b329b?s=96&d=mm&r=g\",\"url\":\"https:\\\/\\\/secure.gravatar.com\\\/avatar\\\/259677e7322e5ca7aeab0675ddee6da680e2035073d9e7fba6a850ea7d1b329b?s=96&d=mm&r=g\",\"contentUrl\":\"https:\\\/\\\/secure.gravatar.com\\\/avatar\\\/259677e7322e5ca7aeab0675ddee6da680e2035073d9e7fba6a850ea7d1b329b?s=96&d=mm&r=g\",\"caption\":\"admin4106\"},\"sameAs\":[\"http:\\\/\\\/cyclosdesavaloirs.fr\"],\"url\":\"https:\\\/\\\/cyclosdesavaloirs.fr\\\/index.php\\\/author\\\/admin4106\\\/\"}]}<\/script>\n<!-- \/ Yoast SEO plugin. -->","yoast_head_json":{"title":"Sortie interclubs : aux plaisirs de rouler ensemble - CYCLOS DES AVALOIRS","robots":{"index":"index","follow":"follow","max-snippet":"max-snippet:-1","max-image-preview":"max-image-preview:large","max-video-preview":"max-video-preview:-1"},"canonical":"https:\/\/cyclosdesavaloirs.fr\/index.php\/2025\/09\/22\/4673\/","og_locale":"en_US","og_type":"article","og_title":"Sortie interclubs : aux plaisirs de rouler ensemble - CYCLOS DES AVALOIRS","og_description":"Ce dimanche 21 septembre, les routes du Nord-Est Mayennais ont vibr\u00e9 au rythme des p\u00e9daliers avec la traditionnelle sortie interclubs organis\u00e9e cette ann\u00e9e par le","og_url":"https:\/\/cyclosdesavaloirs.fr\/index.php\/2025\/09\/22\/4673\/","og_site_name":"CYCLOS DES AVALOIRS","article_publisher":"https:\/\/www.facebook.com\/Cyclos-des-Avaloirs-108867535260146","article_published_time":"2025-09-22T06:19:30+00:00","article_modified_time":"2025-09-23T06:50:56+00:00","og_image":[{"url":"https:\/\/cyclosdesavaloirs.fr\/wp-content\/uploads\/2025\/09\/PHOTO-2025-09-21-21-33-52-1024x768.jpg","type":"","width":"","height":""}],"author":"admin4106","twitter_card":"summary_large_image","twitter_misc":{"Written by":"admin4106","Est. reading time":"2 minutes"},"schema":{"@context":"https:\/\/schema.org","@graph":[{"@type":"Article","@id":"https:\/\/cyclosdesavaloirs.fr\/index.php\/2025\/09\/22\/4673\/#article","isPartOf":{"@id":"https:\/\/cyclosdesavaloirs.fr\/index.php\/2025\/09\/22\/4673\/"},"author":{"name":"admin4106","@id":"https:\/\/cyclosdesavaloirs.fr\/#\/schema\/person\/dc990e561058b9b924c9569b16687c01"},"headline":"Sortie interclubs : aux plaisirs de rouler ensemble","datePublished":"2025-09-22T06:19:30+00:00","dateModified":"2025-09-23T06:50:56+00:00","mainEntityOfPage":{"@id":"https:\/\/cyclosdesavaloirs.fr\/index.php\/2025\/09\/22\/4673\/"},"wordCount":205,"commentCount":0,"publisher":{"@id":"https:\/\/cyclosdesavaloirs.fr\/#organization"},"image":{"@id":"https:\/\/cyclosdesavaloirs.fr\/index.php\/2025\/09\/22\/4673\/#primaryimage"},"thumbnailUrl":"https:\/\/cyclosdesavaloirs.fr\/wp-content\/uploads\/2025\/09\/PHOTO-2025-09-21-21-33-52-1024x768.jpg","articleSection":["NOTRE ACTUALITE"],"inLanguage":"en-US","potentialAction":[{"@type":"CommentAction","name":"Comment","target":["https:\/\/cyclosdesavaloirs.fr\/index.php\/2025\/09\/22\/4673\/#respond"]}]},{"@type":"WebPage","@id":"https:\/\/cyclosdesavaloirs.fr\/index.php\/2025\/09\/22\/4673\/","url":"https:\/\/cyclosdesavaloirs.fr\/index.php\/2025\/09\/22\/4673\/","name":"Sortie interclubs : aux plaisirs de rouler ensemble - CYCLOS DES AVALOIRS","isPartOf":{"@id":"https:\/\/cyclosdesavaloirs.fr\/#website"},"primaryImageOfPage":{"@id":"https:\/\/cyclosdesavaloirs.fr\/index.php\/2025\/09\/22\/4673\/#primaryimage"},"image":{"@id":"https:\/\/cyclosdesavaloirs.fr\/index.php\/2025\/09\/22\/4673\/#primaryimage"},"thumbnailUrl":"https:\/\/cyclosdesavaloirs.fr\/wp-content\/uploads\/2025\/09\/PHOTO-2025-09-21-21-33-52-1024x768.jpg","datePublished":"2025-09-22T06:19:30+00:00","dateModified":"2025-09-23T06:50:56+00:00","breadcrumb":{"@id":"https:\/\/cyclosdesavaloirs.fr\/index.php\/2025\/09\/22\/4673\/#breadcrumb"},"inLanguage":"en-US","potentialAction":[{"@type":"ReadAction","target":["https:\/\/cyclosdesavaloirs.fr\/index.php\/2025\/09\/22\/4673\/"]}]},{"@type":"ImageObject","inLanguage":"en-US","@id":"https:\/\/cyclosdesavaloirs.fr\/index.php\/2025\/09\/22\/4673\/#primaryimage","url":"https:\/\/cyclosdesavaloirs.fr\/wp-content\/uploads\/2025\/09\/PHOTO-2025-09-21-21-33-52.jpg","contentUrl":"https:\/\/cyclosdesavaloirs.fr\/wp-content\/uploads\/2025\/09\/PHOTO-2025-09-21-21-33-52.jpg","width":1600,"height":1200},{"@type":"BreadcrumbList","@id":"https:\/\/cyclosdesavaloirs.fr\/index.php\/2025\/09\/22\/4673\/#breadcrumb","itemListElement":[{"@type":"ListItem","position":1,"name":"Accueil","item":"https:\/\/cyclosdesavaloirs.fr\/"},{"@type":"ListItem","position":2,"name":"Sortie interclubs : aux plaisirs de rouler ensemble"}]},{"@type":"WebSite","@id":"https:\/\/cyclosdesavaloirs.fr\/#website","url":"https:\/\/cyclosdesavaloirs.fr\/","name":"CYCLOS DES AVALOIRS","description":"A v\u00e9lo, tout est plus beau et \u00e0 plusieurs, c&#039;est encore meilleur !","publisher":{"@id":"https:\/\/cyclosdesavaloirs.fr\/#organization"},"potentialAction":[{"@type":"SearchAction","target":{"@type":"EntryPoint","urlTemplate":"https:\/\/cyclosdesavaloirs.fr\/?s={search_term_string}"},"query-input":{"@type":"PropertyValueSpecification","valueRequired":true,"valueName":"search_term_string"}}],"inLanguage":"en-US"},{"@type":"Organization","@id":"https:\/\/cyclosdesavaloirs.fr\/#organization","name":"CYCLOS DES AVALOIRS","url":"https:\/\/cyclosdesavaloirs.fr\/","logo":{"@type":"ImageObject","inLanguage":"en-US","@id":"https:\/\/cyclosdesavaloirs.fr\/#\/schema\/logo\/image\/","url":"https:\/\/cyclosdesavaloirs.fr\/wp-content\/uploads\/2022\/06\/cropped-cropped-cropped-cropped-LOGO_CYLCOS-1.png","contentUrl":"https:\/\/cyclosdesavaloirs.fr\/wp-content\/uploads\/2022\/06\/cropped-cropped-cropped-cropped-LOGO_CYLCOS-1.png","width":240,"height":240,"caption":"CYCLOS DES AVALOIRS"},"image":{"@id":"https:\/\/cyclosdesavaloirs.fr\/#\/schema\/logo\/image\/"},"sameAs":["https:\/\/www.facebook.com\/Cyclos-des-Avaloirs-108867535260146"]},{"@type":"Person","@id":"https:\/\/cyclosdesavaloirs.fr\/#\/schema\/person\/dc990e561058b9b924c9569b16687c01","name":"admin4106","image":{"@type":"ImageObject","inLanguage":"en-US","@id":"https:\/\/secure.gravatar.com\/avatar\/259677e7322e5ca7aeab0675ddee6da680e2035073d9e7fba6a850ea7d1b329b?s=96&d=mm&r=g","url":"https:\/\/secure.gravatar.com\/avatar\/259677e7322e5ca7aeab0675ddee6da680e2035073d9e7fba6a850ea7d1b329b?s=96&d=mm&r=g","contentUrl":"https:\/\/secure.gravatar.com\/avatar\/259677e7322e5ca7aeab0675ddee6da680e2035073d9e7fba6a850ea7d1b329b?s=96&d=mm&r=g","caption":"admin4106"},"sameAs":["http:\/\/cyclosdesavaloirs.fr"],"url":"https:\/\/cyclosdesavaloirs.fr\/index.php\/author\/admin4106\/"}]}},"_links":{"self":[{"href":"https:\/\/cyclosdesavaloirs.fr\/index.php\/wp-json\/wp\/v2\/posts\/4673","targetHints":{"allow":["GET"]}}],"collection":[{"href":"https:\/\/cyclosdesavaloirs.fr\/index.php\/wp-json\/wp\/v2\/posts"}],"about":[{"href":"https:\/\/cyclosdesavaloirs.fr\/index.php\/wp-json\/wp\/v2\/types\/post"}],"author":[{"embeddable":true,"href":"https:\/\/cyclosdesavaloirs.fr\/index.php\/wp-json\/wp\/v2\/users\/1"}],"replies":[{"embeddable":true,"href":"https:\/\/cyclosdesavaloirs.fr\/index.php\/wp-json\/wp\/v2\/comments?post=4673"}],"version-history":[{"count":4,"href":"https:\/\/cyclosdesavaloirs.fr\/index.php\/wp-json\/wp\/v2\/posts\/4673\/revisions"}],"predecessor-version":[{"id":4686,"href":"https:\/\/cyclosdesavaloirs.fr\/index.php\/wp-json\/wp\/v2\/posts\/4673\/revisions\/4686"}],"wp:attachment":[{"href":"https:\/\/cyclosdesavaloirs.fr\/index.php\/wp-json\/wp\/v2\/media?parent=4673"}],"wp:term":[{"taxonomy":"category","embeddable":true,"href":"https:\/\/cyclosdesavaloirs.fr\/index.php\/wp-json\/wp\/v2\/categories?post=4673"},{"taxonomy":"post_tag","embeddable":true,"href":"https:\/\/cyclosdesavaloirs.fr\/index.php\/wp-json\/wp\/v2\/tags?post=4673"}],"curies":[{"name":"wp","href":"https:\/\/api.w.org\/{rel}","templated":true}]}}