{"id":4723,"date":"2025-10-01T07:04:58","date_gmt":"2025-10-01T05:04:58","guid":{"rendered":"https:\/\/cyclosdesavaloirs.fr\/?p=4723"},"modified":"2025-10-01T07:10:59","modified_gmt":"2025-10-01T05:10:59","slug":"du-bon-usage-du-v-a-e","status":"publish","type":"post","link":"https:\/\/cyclosdesavaloirs.fr\/index.php\/2025\/10\/01\/du-bon-usage-du-v-a-e\/","title":{"rendered":"Du bon usage du V.A.E."},"content":{"rendered":"<div class=\"wp-block-image is-style-rounded\">\n<figure class=\"aligncenter size-full is-resized\"><img loading=\"lazy\" decoding=\"async\" width=\"275\" height=\"183\" src=\"https:\/\/cyclosdesavaloirs.fr\/wp-content\/uploads\/2025\/10\/image-1.png\" alt=\"\" class=\"wp-image-4725\" style=\"width:412px;height:auto\"\/><\/figure>\n<\/div>\n\n\n<p>La pratique du VAE dans nos clubs se g\u00e9n\u00e9ralise progressivement . Elle offre tout particuli\u00e8rement la possibilit\u00e9 d&#8217;accueillir des cyclos ayant des probl\u00e8mes de sant\u00e9 ou physiques. Cet impact doit \u00eatre pr\u00e9serv\u00e9 afin de promouvoir le maintien le plus longtemps possible de la pratique du cyclotourisme aupr\u00e8s de ces personnes, et pouvoir ainsi leur permettre de prolonger ou d&#8217;int\u00e9grer la pratique et la vie en club.<\/p>\n\n\n\n<p><strong>Le licenci\u00e9 pratiquant le VAE s&#8217;engage, toutefois, dans son utilisation :<\/strong><br>\u00a0=> \u00e0 respecter les principes fondamentaux du cyclotourisme<br>\u00a0=> \u00e0 ne pas modifier son v\u00e9lo \u00e0 assistance \u00e9lectrique afin que celui-ci conserve son fonctionnement d&#8217;assistance limit\u00e9 \u00e0 25 km\/h<br>\u00a0=> \u00e0 respecter la vitesse des groupes fr\u00e9quent\u00e9s et \u00e0 ne pas leur servir d&#8217;entraineur<\/p>\n\n\n\n<p>Au dessus de 25 km\/h, l&#8217;assistance se coupe et le v\u00e9lo est alors propuls\u00e9 par la&nbsp; seule force physique du participant ou la d\u00e9clivit\u00e9 de la route.<\/p>\n\n\n\n<p><strong>En cas de V.A.E d\u00e9brid\u00e9<\/strong> :<\/p>\n\n\n\n<p>=> Interdiction de rouler avec le v\u00e9lo en club<br>=> Interdiction de rouler avec le v\u00e9lo dans les randonn\u00e9es organis\u00e9es par une Structure F\u00e9d\u00e9rale<br>=> En cas de probl\u00e8me, la responsabilit\u00e9 du Pr\u00e9sident du club accueillant le pratiquant VAE incriminable peut \u00eatre engag\u00e9e s\u2019il est prouv\u00e9 qu\u2019il sait que le v\u00e9lo est d\u00e9brid\u00e9<\/p>\n\n\n\n<p><strong>Pour la s\u00e9curit\u00e9 des clubs, la mention suivante pourra \u00eatre appos\u00e9e sur les bulletins de souscription des licences :<\/strong> <strong><em>&#8220;Je m&#8217;engage \u00e0 respecter le charte f\u00e9d\u00e9rale concernant l&#8217;utilisation des V.A.E et \u00e0 ne pas rouler en club avec un V.A.E d\u00e9brid\u00e9.<\/em><\/strong>&#8220;<\/p>\n\n\n<div class=\"wp-block-image is-style-rounded\">\n<figure class=\"aligncenter size-full is-resized\"><img loading=\"lazy\" decoding=\"async\" width=\"277\" height=\"182\" src=\"https:\/\/cyclosdesavaloirs.fr\/wp-content\/uploads\/2025\/10\/image.png\" alt=\"\" class=\"wp-image-4724\" style=\"aspect-ratio:1.3333333333333333;object-fit:cover;width:332px;height:auto\"\/><\/figure>\n<\/div>\n\n\n<p>Les comit\u00e9s d\u00e9partementaux n&#8217;\u00e9tant que &#8220;force de proposition&#8221; en la mati\u00e8re, c&#8217;est \u00e0 chaque club d&#8217;informer ses pratiquants V.A.E des r\u00e8gles de pratique en vigueur et de s&#8217;assurer de leur application.&nbsp;&nbsp;<\/p>\n\n\n\n<p class=\"has-text-align-right\"><em>Cet article s&#8217;appuie sur la Charte &#8220;Pratique du V.A.E. dans nos clubs&#8221; \u00e9dit\u00e9e par la F.F.V\u00e9lo<\/em><\/p>\n\n\n\n<p><\/p>\n","protected":false},"excerpt":{"rendered":"<p>La pratique du VAE dans nos clubs se g\u00e9n\u00e9ralise progressivement . Elle offre tout particuli\u00e8rement la possibilit\u00e9 d&#8217;accueillir des cyclos ayant des probl\u00e8mes de sant\u00e9<\/p>\n","protected":false},"author":1,"featured_media":0,"comment_status":"open","ping_status":"open","sticky":false,"template":"","format":"standard","meta":{"footnotes":""},"categories":[11],"tags":[],"class_list":["post-4723","post","type-post","status-publish","format-standard","hentry","category-notre-actualite"],"yoast_head":"<!-- This site is optimized with the Yoast SEO plugin v27.5 - https:\/\/yoast.com\/product\/yoast-seo-wordpress\/ -->\n<title>Du bon usage du V.A.E. - CYCLOS DES AVALOIRS<\/title>\n<meta name=\"robots\" content=\"index, follow, max-snippet:-1, max-image-preview:large, max-video-preview:-1\" \/>\n<link rel=\"canonical\" href=\"https:\/\/cyclosdesavaloirs.fr\/index.php\/2025\/10\/01\/du-bon-usage-du-v-a-e\/\" \/>\n<meta property=\"og:locale\" content=\"en_US\" \/>\n<meta property=\"og:type\" content=\"article\" \/>\n<meta property=\"og:title\" content=\"Du bon usage du V.A.E. - CYCLOS DES AVALOIRS\" \/>\n<meta property=\"og:description\" content=\"La pratique du VAE dans nos clubs se g\u00e9n\u00e9ralise progressivement . Elle offre tout particuli\u00e8rement la possibilit\u00e9 d&#8217;accueillir des cyclos ayant des probl\u00e8mes de sant\u00e9\" \/>\n<meta property=\"og:url\" content=\"https:\/\/cyclosdesavaloirs.fr\/index.php\/2025\/10\/01\/du-bon-usage-du-v-a-e\/\" \/>\n<meta property=\"og:site_name\" content=\"CYCLOS DES AVALOIRS\" \/>\n<meta property=\"article:publisher\" content=\"https:\/\/www.facebook.com\/Cyclos-des-Avaloirs-108867535260146\" \/>\n<meta property=\"article:published_time\" content=\"2025-10-01T05:04:58+00:00\" \/>\n<meta property=\"article:modified_time\" content=\"2025-10-01T05:10:59+00:00\" \/>\n<meta property=\"og:image\" content=\"https:\/\/cyclosdesavaloirs.fr\/wp-content\/uploads\/2025\/10\/image-1.png\" \/>\n<meta name=\"author\" content=\"admin4106\" \/>\n<meta name=\"twitter:card\" content=\"summary_large_image\" \/>\n<meta name=\"twitter:label1\" content=\"Written by\" \/>\n\t<meta name=\"twitter:data1\" content=\"admin4106\" \/>\n\t<meta name=\"twitter:label2\" content=\"Est. reading time\" \/>\n\t<meta name=\"twitter:data2\" content=\"2 minutes\" \/>\n<script type=\"application\/ld+json\" class=\"yoast-schema-graph\">{\"@context\":\"https:\\\/\\\/schema.org\",\"@graph\":[{\"@type\":\"Article\",\"@id\":\"https:\\\/\\\/cyclosdesavaloirs.fr\\\/index.php\\\/2025\\\/10\\\/01\\\/du-bon-usage-du-v-a-e\\\/#article\",\"isPartOf\":{\"@id\":\"https:\\\/\\\/cyclosdesavaloirs.fr\\\/index.php\\\/2025\\\/10\\\/01\\\/du-bon-usage-du-v-a-e\\\/\"},\"author\":{\"name\":\"admin4106\",\"@id\":\"https:\\\/\\\/cyclosdesavaloirs.fr\\\/#\\\/schema\\\/person\\\/dc990e561058b9b924c9569b16687c01\"},\"headline\":\"Du bon usage du V.A.E.\",\"datePublished\":\"2025-10-01T05:04:58+00:00\",\"dateModified\":\"2025-10-01T05:10:59+00:00\",\"mainEntityOfPage\":{\"@id\":\"https:\\\/\\\/cyclosdesavaloirs.fr\\\/index.php\\\/2025\\\/10\\\/01\\\/du-bon-usage-du-v-a-e\\\/\"},\"wordCount\":348,\"commentCount\":0,\"publisher\":{\"@id\":\"https:\\\/\\\/cyclosdesavaloirs.fr\\\/#organization\"},\"image\":{\"@id\":\"https:\\\/\\\/cyclosdesavaloirs.fr\\\/index.php\\\/2025\\\/10\\\/01\\\/du-bon-usage-du-v-a-e\\\/#primaryimage\"},\"thumbnailUrl\":\"https:\\\/\\\/cyclosdesavaloirs.fr\\\/wp-content\\\/uploads\\\/2025\\\/10\\\/image-1.png\",\"articleSection\":[\"NOTRE ACTUALITE\"],\"inLanguage\":\"en-US\",\"potentialAction\":[{\"@type\":\"CommentAction\",\"name\":\"Comment\",\"target\":[\"https:\\\/\\\/cyclosdesavaloirs.fr\\\/index.php\\\/2025\\\/10\\\/01\\\/du-bon-usage-du-v-a-e\\\/#respond\"]}]},{\"@type\":\"WebPage\",\"@id\":\"https:\\\/\\\/cyclosdesavaloirs.fr\\\/index.php\\\/2025\\\/10\\\/01\\\/du-bon-usage-du-v-a-e\\\/\",\"url\":\"https:\\\/\\\/cyclosdesavaloirs.fr\\\/index.php\\\/2025\\\/10\\\/01\\\/du-bon-usage-du-v-a-e\\\/\",\"name\":\"Du bon usage du V.A.E. - CYCLOS DES AVALOIRS\",\"isPartOf\":{\"@id\":\"https:\\\/\\\/cyclosdesavaloirs.fr\\\/#website\"},\"primaryImageOfPage\":{\"@id\":\"https:\\\/\\\/cyclosdesavaloirs.fr\\\/index.php\\\/2025\\\/10\\\/01\\\/du-bon-usage-du-v-a-e\\\/#primaryimage\"},\"image\":{\"@id\":\"https:\\\/\\\/cyclosdesavaloirs.fr\\\/index.php\\\/2025\\\/10\\\/01\\\/du-bon-usage-du-v-a-e\\\/#primaryimage\"},\"thumbnailUrl\":\"https:\\\/\\\/cyclosdesavaloirs.fr\\\/wp-content\\\/uploads\\\/2025\\\/10\\\/image-1.png\",\"datePublished\":\"2025-10-01T05:04:58+00:00\",\"dateModified\":\"2025-10-01T05:10:59+00:00\",\"breadcrumb\":{\"@id\":\"https:\\\/\\\/cyclosdesavaloirs.fr\\\/index.php\\\/2025\\\/10\\\/01\\\/du-bon-usage-du-v-a-e\\\/#breadcrumb\"},\"inLanguage\":\"en-US\",\"potentialAction\":[{\"@type\":\"ReadAction\",\"target\":[\"https:\\\/\\\/cyclosdesavaloirs.fr\\\/index.php\\\/2025\\\/10\\\/01\\\/du-bon-usage-du-v-a-e\\\/\"]}]},{\"@type\":\"ImageObject\",\"inLanguage\":\"en-US\",\"@id\":\"https:\\\/\\\/cyclosdesavaloirs.fr\\\/index.php\\\/2025\\\/10\\\/01\\\/du-bon-usage-du-v-a-e\\\/#primaryimage\",\"url\":\"https:\\\/\\\/cyclosdesavaloirs.fr\\\/wp-content\\\/uploads\\\/2025\\\/10\\\/image-1.png\",\"contentUrl\":\"https:\\\/\\\/cyclosdesavaloirs.fr\\\/wp-content\\\/uploads\\\/2025\\\/10\\\/image-1.png\",\"width\":275,\"height\":183},{\"@type\":\"BreadcrumbList\",\"@id\":\"https:\\\/\\\/cyclosdesavaloirs.fr\\\/index.php\\\/2025\\\/10\\\/01\\\/du-bon-usage-du-v-a-e\\\/#breadcrumb\",\"itemListElement\":[{\"@type\":\"ListItem\",\"position\":1,\"name\":\"Accueil\",\"item\":\"https:\\\/\\\/cyclosdesavaloirs.fr\\\/\"},{\"@type\":\"ListItem\",\"position\":2,\"name\":\"Du bon usage du V.A.E.\"}]},{\"@type\":\"WebSite\",\"@id\":\"https:\\\/\\\/cyclosdesavaloirs.fr\\\/#website\",\"url\":\"https:\\\/\\\/cyclosdesavaloirs.fr\\\/\",\"name\":\"CYCLOS DES AVALOIRS\",\"description\":\"A v\u00e9lo, tout est plus beau et \u00e0 plusieurs, c&#039;est encore meilleur !\",\"publisher\":{\"@id\":\"https:\\\/\\\/cyclosdesavaloirs.fr\\\/#organization\"},\"potentialAction\":[{\"@type\":\"SearchAction\",\"target\":{\"@type\":\"EntryPoint\",\"urlTemplate\":\"https:\\\/\\\/cyclosdesavaloirs.fr\\\/?s={search_term_string}\"},\"query-input\":{\"@type\":\"PropertyValueSpecification\",\"valueRequired\":true,\"valueName\":\"search_term_string\"}}],\"inLanguage\":\"en-US\"},{\"@type\":\"Organization\",\"@id\":\"https:\\\/\\\/cyclosdesavaloirs.fr\\\/#organization\",\"name\":\"CYCLOS DES AVALOIRS\",\"url\":\"https:\\\/\\\/cyclosdesavaloirs.fr\\\/\",\"logo\":{\"@type\":\"ImageObject\",\"inLanguage\":\"en-US\",\"@id\":\"https:\\\/\\\/cyclosdesavaloirs.fr\\\/#\\\/schema\\\/logo\\\/image\\\/\",\"url\":\"https:\\\/\\\/cyclosdesavaloirs.fr\\\/wp-content\\\/uploads\\\/2022\\\/06\\\/cropped-cropped-cropped-cropped-LOGO_CYLCOS-1.png\",\"contentUrl\":\"https:\\\/\\\/cyclosdesavaloirs.fr\\\/wp-content\\\/uploads\\\/2022\\\/06\\\/cropped-cropped-cropped-cropped-LOGO_CYLCOS-1.png\",\"width\":240,\"height\":240,\"caption\":\"CYCLOS DES AVALOIRS\"},\"image\":{\"@id\":\"https:\\\/\\\/cyclosdesavaloirs.fr\\\/#\\\/schema\\\/logo\\\/image\\\/\"},\"sameAs\":[\"https:\\\/\\\/www.facebook.com\\\/Cyclos-des-Avaloirs-108867535260146\"]},{\"@type\":\"Person\",\"@id\":\"https:\\\/\\\/cyclosdesavaloirs.fr\\\/#\\\/schema\\\/person\\\/dc990e561058b9b924c9569b16687c01\",\"name\":\"admin4106\",\"image\":{\"@type\":\"ImageObject\",\"inLanguage\":\"en-US\",\"@id\":\"https:\\\/\\\/secure.gravatar.com\\\/avatar\\\/259677e7322e5ca7aeab0675ddee6da680e2035073d9e7fba6a850ea7d1b329b?s=96&d=mm&r=g\",\"url\":\"https:\\\/\\\/secure.gravatar.com\\\/avatar\\\/259677e7322e5ca7aeab0675ddee6da680e2035073d9e7fba6a850ea7d1b329b?s=96&d=mm&r=g\",\"contentUrl\":\"https:\\\/\\\/secure.gravatar.com\\\/avatar\\\/259677e7322e5ca7aeab0675ddee6da680e2035073d9e7fba6a850ea7d1b329b?s=96&d=mm&r=g\",\"caption\":\"admin4106\"},\"sameAs\":[\"http:\\\/\\\/cyclosdesavaloirs.fr\"],\"url\":\"https:\\\/\\\/cyclosdesavaloirs.fr\\\/index.php\\\/author\\\/admin4106\\\/\"}]}<\/script>\n<!-- \/ Yoast SEO plugin. -->","yoast_head_json":{"title":"Du bon usage du V.A.E. - CYCLOS DES AVALOIRS","robots":{"index":"index","follow":"follow","max-snippet":"max-snippet:-1","max-image-preview":"max-image-preview:large","max-video-preview":"max-video-preview:-1"},"canonical":"https:\/\/cyclosdesavaloirs.fr\/index.php\/2025\/10\/01\/du-bon-usage-du-v-a-e\/","og_locale":"en_US","og_type":"article","og_title":"Du bon usage du V.A.E. - CYCLOS DES AVALOIRS","og_description":"La pratique du VAE dans nos clubs se g\u00e9n\u00e9ralise progressivement . Elle offre tout particuli\u00e8rement la possibilit\u00e9 d&#8217;accueillir des cyclos ayant des probl\u00e8mes de sant\u00e9","og_url":"https:\/\/cyclosdesavaloirs.fr\/index.php\/2025\/10\/01\/du-bon-usage-du-v-a-e\/","og_site_name":"CYCLOS DES AVALOIRS","article_publisher":"https:\/\/www.facebook.com\/Cyclos-des-Avaloirs-108867535260146","article_published_time":"2025-10-01T05:04:58+00:00","article_modified_time":"2025-10-01T05:10:59+00:00","og_image":[{"url":"https:\/\/cyclosdesavaloirs.fr\/wp-content\/uploads\/2025\/10\/image-1.png","type":"","width":"","height":""}],"author":"admin4106","twitter_card":"summary_large_image","twitter_misc":{"Written by":"admin4106","Est. reading time":"2 minutes"},"schema":{"@context":"https:\/\/schema.org","@graph":[{"@type":"Article","@id":"https:\/\/cyclosdesavaloirs.fr\/index.php\/2025\/10\/01\/du-bon-usage-du-v-a-e\/#article","isPartOf":{"@id":"https:\/\/cyclosdesavaloirs.fr\/index.php\/2025\/10\/01\/du-bon-usage-du-v-a-e\/"},"author":{"name":"admin4106","@id":"https:\/\/cyclosdesavaloirs.fr\/#\/schema\/person\/dc990e561058b9b924c9569b16687c01"},"headline":"Du bon usage du V.A.E.","datePublished":"2025-10-01T05:04:58+00:00","dateModified":"2025-10-01T05:10:59+00:00","mainEntityOfPage":{"@id":"https:\/\/cyclosdesavaloirs.fr\/index.php\/2025\/10\/01\/du-bon-usage-du-v-a-e\/"},"wordCount":348,"commentCount":0,"publisher":{"@id":"https:\/\/cyclosdesavaloirs.fr\/#organization"},"image":{"@id":"https:\/\/cyclosdesavaloirs.fr\/index.php\/2025\/10\/01\/du-bon-usage-du-v-a-e\/#primaryimage"},"thumbnailUrl":"https:\/\/cyclosdesavaloirs.fr\/wp-content\/uploads\/2025\/10\/image-1.png","articleSection":["NOTRE ACTUALITE"],"inLanguage":"en-US","potentialAction":[{"@type":"CommentAction","name":"Comment","target":["https:\/\/cyclosdesavaloirs.fr\/index.php\/2025\/10\/01\/du-bon-usage-du-v-a-e\/#respond"]}]},{"@type":"WebPage","@id":"https:\/\/cyclosdesavaloirs.fr\/index.php\/2025\/10\/01\/du-bon-usage-du-v-a-e\/","url":"https:\/\/cyclosdesavaloirs.fr\/index.php\/2025\/10\/01\/du-bon-usage-du-v-a-e\/","name":"Du bon usage du V.A.E. - CYCLOS DES AVALOIRS","isPartOf":{"@id":"https:\/\/cyclosdesavaloirs.fr\/#website"},"primaryImageOfPage":{"@id":"https:\/\/cyclosdesavaloirs.fr\/index.php\/2025\/10\/01\/du-bon-usage-du-v-a-e\/#primaryimage"},"image":{"@id":"https:\/\/cyclosdesavaloirs.fr\/index.php\/2025\/10\/01\/du-bon-usage-du-v-a-e\/#primaryimage"},"thumbnailUrl":"https:\/\/cyclosdesavaloirs.fr\/wp-content\/uploads\/2025\/10\/image-1.png","datePublished":"2025-10-01T05:04:58+00:00","dateModified":"2025-10-01T05:10:59+00:00","breadcrumb":{"@id":"https:\/\/cyclosdesavaloirs.fr\/index.php\/2025\/10\/01\/du-bon-usage-du-v-a-e\/#breadcrumb"},"inLanguage":"en-US","potentialAction":[{"@type":"ReadAction","target":["https:\/\/cyclosdesavaloirs.fr\/index.php\/2025\/10\/01\/du-bon-usage-du-v-a-e\/"]}]},{"@type":"ImageObject","inLanguage":"en-US","@id":"https:\/\/cyclosdesavaloirs.fr\/index.php\/2025\/10\/01\/du-bon-usage-du-v-a-e\/#primaryimage","url":"https:\/\/cyclosdesavaloirs.fr\/wp-content\/uploads\/2025\/10\/image-1.png","contentUrl":"https:\/\/cyclosdesavaloirs.fr\/wp-content\/uploads\/2025\/10\/image-1.png","width":275,"height":183},{"@type":"BreadcrumbList","@id":"https:\/\/cyclosdesavaloirs.fr\/index.php\/2025\/10\/01\/du-bon-usage-du-v-a-e\/#breadcrumb","itemListElement":[{"@type":"ListItem","position":1,"name":"Accueil","item":"https:\/\/cyclosdesavaloirs.fr\/"},{"@type":"ListItem","position":2,"name":"Du bon usage du V.A.E."}]},{"@type":"WebSite","@id":"https:\/\/cyclosdesavaloirs.fr\/#website","url":"https:\/\/cyclosdesavaloirs.fr\/","name":"CYCLOS DES AVALOIRS","description":"A v\u00e9lo, tout est plus beau et \u00e0 plusieurs, c&#039;est encore meilleur !","publisher":{"@id":"https:\/\/cyclosdesavaloirs.fr\/#organization"},"potentialAction":[{"@type":"SearchAction","target":{"@type":"EntryPoint","urlTemplate":"https:\/\/cyclosdesavaloirs.fr\/?s={search_term_string}"},"query-input":{"@type":"PropertyValueSpecification","valueRequired":true,"valueName":"search_term_string"}}],"inLanguage":"en-US"},{"@type":"Organization","@id":"https:\/\/cyclosdesavaloirs.fr\/#organization","name":"CYCLOS DES AVALOIRS","url":"https:\/\/cyclosdesavaloirs.fr\/","logo":{"@type":"ImageObject","inLanguage":"en-US","@id":"https:\/\/cyclosdesavaloirs.fr\/#\/schema\/logo\/image\/","url":"https:\/\/cyclosdesavaloirs.fr\/wp-content\/uploads\/2022\/06\/cropped-cropped-cropped-cropped-LOGO_CYLCOS-1.png","contentUrl":"https:\/\/cyclosdesavaloirs.fr\/wp-content\/uploads\/2022\/06\/cropped-cropped-cropped-cropped-LOGO_CYLCOS-1.png","width":240,"height":240,"caption":"CYCLOS DES AVALOIRS"},"image":{"@id":"https:\/\/cyclosdesavaloirs.fr\/#\/schema\/logo\/image\/"},"sameAs":["https:\/\/www.facebook.com\/Cyclos-des-Avaloirs-108867535260146"]},{"@type":"Person","@id":"https:\/\/cyclosdesavaloirs.fr\/#\/schema\/person\/dc990e561058b9b924c9569b16687c01","name":"admin4106","image":{"@type":"ImageObject","inLanguage":"en-US","@id":"https:\/\/secure.gravatar.com\/avatar\/259677e7322e5ca7aeab0675ddee6da680e2035073d9e7fba6a850ea7d1b329b?s=96&d=mm&r=g","url":"https:\/\/secure.gravatar.com\/avatar\/259677e7322e5ca7aeab0675ddee6da680e2035073d9e7fba6a850ea7d1b329b?s=96&d=mm&r=g","contentUrl":"https:\/\/secure.gravatar.com\/avatar\/259677e7322e5ca7aeab0675ddee6da680e2035073d9e7fba6a850ea7d1b329b?s=96&d=mm&r=g","caption":"admin4106"},"sameAs":["http:\/\/cyclosdesavaloirs.fr"],"url":"https:\/\/cyclosdesavaloirs.fr\/index.php\/author\/admin4106\/"}]}},"_links":{"self":[{"href":"https:\/\/cyclosdesavaloirs.fr\/index.php\/wp-json\/wp\/v2\/posts\/4723","targetHints":{"allow":["GET"]}}],"collection":[{"href":"https:\/\/cyclosdesavaloirs.fr\/index.php\/wp-json\/wp\/v2\/posts"}],"about":[{"href":"https:\/\/cyclosdesavaloirs.fr\/index.php\/wp-json\/wp\/v2\/types\/post"}],"author":[{"embeddable":true,"href":"https:\/\/cyclosdesavaloirs.fr\/index.php\/wp-json\/wp\/v2\/users\/1"}],"replies":[{"embeddable":true,"href":"https:\/\/cyclosdesavaloirs.fr\/index.php\/wp-json\/wp\/v2\/comments?post=4723"}],"version-history":[{"count":5,"href":"https:\/\/cyclosdesavaloirs.fr\/index.php\/wp-json\/wp\/v2\/posts\/4723\/revisions"}],"predecessor-version":[{"id":4733,"href":"https:\/\/cyclosdesavaloirs.fr\/index.php\/wp-json\/wp\/v2\/posts\/4723\/revisions\/4733"}],"wp:attachment":[{"href":"https:\/\/cyclosdesavaloirs.fr\/index.php\/wp-json\/wp\/v2\/media?parent=4723"}],"wp:term":[{"taxonomy":"category","embeddable":true,"href":"https:\/\/cyclosdesavaloirs.fr\/index.php\/wp-json\/wp\/v2\/categories?post=4723"},{"taxonomy":"post_tag","embeddable":true,"href":"https:\/\/cyclosdesavaloirs.fr\/index.php\/wp-json\/wp\/v2\/tags?post=4723"}],"curies":[{"name":"wp","href":"https:\/\/api.w.org\/{rel}","templated":true}]}}