{"id":4792,"date":"2025-11-24T08:13:20","date_gmt":"2025-11-24T07:13:20","guid":{"rendered":"https:\/\/cyclosdesavaloirs.fr\/?p=4792"},"modified":"2025-11-24T08:13:21","modified_gmt":"2025-11-24T07:13:21","slug":"vive-les-talents-du-velo-2025","status":"publish","type":"post","link":"https:\/\/cyclosdesavaloirs.fr\/index.php\/2025\/11\/24\/vive-les-talents-du-velo-2025\/","title":{"rendered":"Vive les Talents du v\u00e9lo 2025"},"content":{"rendered":"<div class=\"wp-block-image is-style-rounded\">\n<figure class=\"aligncenter size-full\"><img loading=\"lazy\" decoding=\"async\" width=\"684\" height=\"350\" src=\"https:\/\/cyclosdesavaloirs.fr\/wp-content\/uploads\/2025\/11\/image-4.png\" alt=\"\" class=\"wp-image-4793\" srcset=\"https:\/\/cyclosdesavaloirs.fr\/wp-content\/uploads\/2025\/11\/image-4.png 684w, https:\/\/cyclosdesavaloirs.fr\/wp-content\/uploads\/2025\/11\/image-4-300x154.png 300w\" sizes=\"auto, (max-width: 684px) 100vw, 684px\" \/><\/figure>\n<\/div>\n\n\n<p>Organis\u00e9e par le R\u00e9seau v\u00e9lo et marche, la 15\u1d49 \u00e9dition des Talents du v\u00e9lo a une nouvelle fois mis en lumi\u00e8re la cr\u00e9ativit\u00e9, la diversit\u00e9 et l\u2019engagement de celles et ceux qui font avancer la marche et le v\u00e9lo au quotidien.<\/p>\n\n\n\n<p><a href=\"https:\/\/cyclotourisme-mag.com\/actus\/talents-du-velo-2023-la-federation-francaise-de-cyclotourisme-toujours-tres-impliquee\/\">Ce concours, qui vise \u00e0 promouvoir les initiatives<\/a>, exp\u00e9riences et politiques en faveur des mobilit\u00e9s actives, a enregistr\u00e9 un record de 80 candidatures pour l\u2019\u00e9dition 2025. Un signe clair du dynamisme des territoires, o\u00f9 collectivit\u00e9s, entreprises, associations et citoyens rivalisent d\u2019ing\u00e9niosit\u00e9 pour rendre la mobilit\u00e9 plus sobre, inclusive et partag\u00e9e.<\/p>\n\n\n\n<p>Le jury, r\u00e9uni \u00e0 Paris le 20 octobre, a d\u00e9sign\u00e9 les laur\u00e9ats dans six cat\u00e9gories, ainsi que deux mentions sp\u00e9ciales et un prix de la cohabitation marche\/v\u00e9lo. La remise officielle des prix a eu lieu le 6 novembre 2025 \u00e0 Orl\u00e9ans, dans le cadre des Rencontres nationales du transport public.<\/p>\n\n\n\n<h2 class=\"wp-block-heading\">Innovation de produit : le Double Pony, un v\u00e9lo \u00e9lectrique deux places made in France<\/h2>\n\n\n\n<p>L\u2019entreprise angevine&nbsp;<strong>Pony<\/strong>, pionni\u00e8re du v\u00e9lo partag\u00e9 en France, a s\u00e9duit le jury avec son&nbsp;<strong>Double Pony<\/strong>, le premier v\u00e9lo \u00e9lectrique deux places en libre-service. Con\u00e7u pour favoriser le cov\u00e9lotage urbain, ce v\u00e9lo attire de nouveaux publics vers la mobilit\u00e9 active, notamment les familles, les \u00e9tudiants et les touristes.<\/p>\n\n\n\n<p>Pens\u00e9 pour la durabilit\u00e9 et la convivialit\u00e9, le Double Pony mise sur une fabrication fran\u00e7aise, une maintenance locale et des batteries r\u00e9parables. D\u00e9j\u00e0 d\u00e9ploy\u00e9 \u00e0 Angers, Bordeaux et Grenoble, le service rencontre un franc succ\u00e8s : plus de 60 % des trajets sont r\u00e9alis\u00e9s \u00e0 deux.<\/p>\n\n\n\n<h2 class=\"wp-block-heading\">Innovation de service : l\u2019Occitanie accompagne les lyc\u00e9ens vers l\u2019autonomie \u00e0 v\u00e9lo<\/h2>\n\n\n\n<p>La R\u00e9gion Occitanie s\u2019engage pour la jeunesse avec un service in\u00e9dit de pr\u00eat longue dur\u00e9e de v\u00e9los \u00e0 destination des lyc\u00e9ens, en ciblant particuli\u00e8rement les \u00e9tablissements ruraux ou p\u00e9riph\u00e9riques. Ce dispositif inclut un pack s\u00e9curit\u00e9, une assurance et des animations \u00e9ducatives tout au long de l\u2019ann\u00e9e.<\/p>\n\n\n\n<p>Avec un budget de 380 000 euros, 200 v\u00e9los ont \u00e9t\u00e9 acquis et un programme d\u2019animation a \u00e9t\u00e9 mis en place dans les lyc\u00e9es. Une initiative qui vise \u00e0 int\u00e9grer la mobilit\u00e9 active dans les politiques \u00e9ducatives r\u00e9gionales.<\/p>\n\n\n\n<h3 class=\"wp-block-heading\">Le v\u00e9lo valorise les territoires : Cyclo\u2019Mus\u00e9es, une alliance entre patrimoine et mobilit\u00e9<\/h3>\n\n\n\n<p>La Communaut\u00e9 de communes des Hauts-de-Flandre a imagin\u00e9&nbsp;<strong>Cyclo\u2019Mus\u00e9es<\/strong>, un rallye \u00e0 v\u00e9lo reliant les mus\u00e9es locaux \u00e0 travers des circuits accessibles \u00e0 tous. Les participants d\u00e9couvrent le territoire tout en r\u00e9pondant \u00e0 des quiz culturels et p\u00e9dagogiques.<\/p>\n\n\n\n<p>Soutenue par le D\u00e9partement du Nord, cette initiative associe mobilit\u00e9 durable et tourisme local, avec 11 mus\u00e9es engag\u00e9s et 9 circuits propos\u00e9s, dont une boucle de 11 km accessible \u00e0 tous.<\/p>\n\n\n\n<h3 class=\"wp-block-heading\">Le v\u00e9lo, bon pour la sant\u00e9 : des animations pour les s\u00e9niors<\/h3>\n\n\n\n<p>En Loire-Atlantique, la Communaut\u00e9 de communes d\u2019Erdre-et-Gesvres et l\u2019association Alis\u00e9e ont organis\u00e9 des ateliers pour faire d\u00e9couvrir aux s\u00e9niors des v\u00e9los adapt\u00e9s (tricycles, tandems, v\u00e9los \u00e0 assistance \u00e9lectrique). Ces s\u00e9ances, organis\u00e9es dans plusieurs communes, ont permis d\u2019\u00e9valuer les besoins et d\u2019envisager une offre p\u00e9renne de v\u00e9los adapt\u00e9s sur le territoire.<\/p>\n\n\n\n<h3 class=\"wp-block-heading\">P\u00e9dagogie : le v\u00e9lo d\u00e8s l\u2019\u00e9cole maternelle<\/h3>\n\n\n\n<p>L\u2019USEP 44, en Loire-Atlantique, \u0153uvre pour faire du v\u00e9lo un outil \u00e9ducatif d\u00e8s l\u2019\u00e9cole maternelle. Le projet inclut des s\u00e9ances d\u2019EPS, des rencontres sportives et des ateliers de signalisation, en lien avec le programme&nbsp;<em>Savoir rouler \u00e0 v\u00e9lo<\/em>.<\/p>\n\n\n\n<h3 class=\"wp-block-heading\">Nouveaux publics : V\u00e9lado, un atelier v\u00e9lo \u00e9ducatif pour les jeunes<\/h3>\n\n\n\n<p>\u00c0 Colombes, l\u2019association&nbsp;<em>Mieux se D\u00e9placer \u00e0 Bicyclette<\/em>&nbsp;a lanc\u00e9&nbsp;<strong>V\u00e9lado<\/strong>, un atelier v\u00e9lo \u00e9ducatif port\u00e9 par et pour les jeunes. Les coll\u00e9giens y apprennent la m\u00e9canique, la gestion du mat\u00e9riel et l\u2019accueil du public, tout en participant \u00e0 des sorties et \u00e0 une randonn\u00e9e itin\u00e9rante. Un projet qui allie insertion, \u00e9ducation et mobilit\u00e9 active.<\/p>\n\n\n\n<h3 class=\"wp-block-heading\">Mentions sp\u00e9ciales et prix de la cohabitation marche\/v\u00e9lo<\/h3>\n\n\n\n<ul class=\"wp-block-list\">\n<li><strong>La France cyclable<\/strong>\u00a0: une webs\u00e9rie documentaire de l\u2019ADEME qui valorise les initiatives cyclables en France.<\/li>\n\n\n\n<li><strong>21 jours pour (re)mettre votre ville sur un v\u00e9lo<\/strong>\u00a0: un projet ludique et inclusif men\u00e9 par Sandra Jacques \u00e0 Fontainebleau.<\/li>\n\n\n\n<li><strong>Prix de la cohabitation marche\/v\u00e9lo<\/strong>\u00a0: Nantes M\u00e9tropole a con\u00e7u un guide de signalisation pour s\u00e9curiser pi\u00e9tons et cyclistes autour des chantiers urbains, accompagn\u00e9 d\u2019une campagne de sensibilisation.<\/li>\n<\/ul>\n\n\n\n<p>Ces initiatives montrent comment le v\u00e9lo peut transformer les territoires, favoriser l\u2019inclusion et renforcer la coh\u00e9sion sociale. Une source d\u2019inspiration pour tous les passionn\u00e9s de cyclotourisme !<\/p>\n\n\n\n<p>Retrouvez tous ces laur\u00e9ats en d\u00e9tail sur le site&nbsp;<a href=\"https:\/\/reseau-velo-marche.org\/actualites\/les-laureats-des-talents-du-velo-2025\/\">https:\/\/reseau-velo-marche.org\/actualites\/les-laureats-des-talents-du-velo-2025\/<\/a><\/p>\n\n\n\n<p>Texte : Jean-Pierre Giorgi \u2013 Photo : FLo\u00e9<\/p>\n","protected":false},"excerpt":{"rendered":"<p>Organis\u00e9e par le R\u00e9seau v\u00e9lo et marche, la 15\u1d49 \u00e9dition des Talents du v\u00e9lo a une nouvelle fois mis en lumi\u00e8re la cr\u00e9ativit\u00e9, la diversit\u00e9<\/p>\n","protected":false},"author":1,"featured_media":0,"comment_status":"open","ping_status":"open","sticky":false,"template":"","format":"standard","meta":{"footnotes":""},"categories":[11],"tags":[],"class_list":["post-4792","post","type-post","status-publish","format-standard","hentry","category-notre-actualite"],"yoast_head":"<!-- This site is optimized with the Yoast SEO plugin v27.5 - https:\/\/yoast.com\/product\/yoast-seo-wordpress\/ -->\n<title>Vive les Talents du v\u00e9lo 2025 - CYCLOS DES AVALOIRS<\/title>\n<meta name=\"robots\" content=\"index, follow, max-snippet:-1, max-image-preview:large, max-video-preview:-1\" \/>\n<link rel=\"canonical\" href=\"https:\/\/cyclosdesavaloirs.fr\/index.php\/2025\/11\/24\/vive-les-talents-du-velo-2025\/\" \/>\n<meta property=\"og:locale\" content=\"en_US\" \/>\n<meta property=\"og:type\" content=\"article\" \/>\n<meta property=\"og:title\" content=\"Vive les Talents du v\u00e9lo 2025 - CYCLOS DES AVALOIRS\" \/>\n<meta property=\"og:description\" content=\"Organis\u00e9e par le R\u00e9seau v\u00e9lo et marche, la 15\u1d49 \u00e9dition des Talents du v\u00e9lo a une nouvelle fois mis en lumi\u00e8re la cr\u00e9ativit\u00e9, la diversit\u00e9\" \/>\n<meta property=\"og:url\" content=\"https:\/\/cyclosdesavaloirs.fr\/index.php\/2025\/11\/24\/vive-les-talents-du-velo-2025\/\" \/>\n<meta property=\"og:site_name\" content=\"CYCLOS DES AVALOIRS\" \/>\n<meta property=\"article:publisher\" content=\"https:\/\/www.facebook.com\/Cyclos-des-Avaloirs-108867535260146\" \/>\n<meta property=\"article:published_time\" content=\"2025-11-24T07:13:20+00:00\" \/>\n<meta property=\"article:modified_time\" content=\"2025-11-24T07:13:21+00:00\" \/>\n<meta property=\"og:image\" content=\"https:\/\/cyclosdesavaloirs.fr\/wp-content\/uploads\/2025\/11\/image-4.png\" \/>\n\t<meta property=\"og:image:width\" content=\"684\" \/>\n\t<meta property=\"og:image:height\" content=\"350\" \/>\n\t<meta property=\"og:image:type\" content=\"image\/png\" \/>\n<meta name=\"author\" content=\"admin4106\" \/>\n<meta name=\"twitter:card\" content=\"summary_large_image\" \/>\n<meta name=\"twitter:label1\" content=\"Written by\" \/>\n\t<meta name=\"twitter:data1\" content=\"admin4106\" \/>\n\t<meta name=\"twitter:label2\" content=\"Est. reading time\" \/>\n\t<meta name=\"twitter:data2\" content=\"4 minutes\" \/>\n<script type=\"application\/ld+json\" class=\"yoast-schema-graph\">{\"@context\":\"https:\\\/\\\/schema.org\",\"@graph\":[{\"@type\":\"Article\",\"@id\":\"https:\\\/\\\/cyclosdesavaloirs.fr\\\/index.php\\\/2025\\\/11\\\/24\\\/vive-les-talents-du-velo-2025\\\/#article\",\"isPartOf\":{\"@id\":\"https:\\\/\\\/cyclosdesavaloirs.fr\\\/index.php\\\/2025\\\/11\\\/24\\\/vive-les-talents-du-velo-2025\\\/\"},\"author\":{\"name\":\"admin4106\",\"@id\":\"https:\\\/\\\/cyclosdesavaloirs.fr\\\/#\\\/schema\\\/person\\\/dc990e561058b9b924c9569b16687c01\"},\"headline\":\"Vive les Talents du v\u00e9lo 2025\",\"datePublished\":\"2025-11-24T07:13:20+00:00\",\"dateModified\":\"2025-11-24T07:13:21+00:00\",\"mainEntityOfPage\":{\"@id\":\"https:\\\/\\\/cyclosdesavaloirs.fr\\\/index.php\\\/2025\\\/11\\\/24\\\/vive-les-talents-du-velo-2025\\\/\"},\"wordCount\":824,\"commentCount\":0,\"publisher\":{\"@id\":\"https:\\\/\\\/cyclosdesavaloirs.fr\\\/#organization\"},\"image\":{\"@id\":\"https:\\\/\\\/cyclosdesavaloirs.fr\\\/index.php\\\/2025\\\/11\\\/24\\\/vive-les-talents-du-velo-2025\\\/#primaryimage\"},\"thumbnailUrl\":\"https:\\\/\\\/cyclosdesavaloirs.fr\\\/wp-content\\\/uploads\\\/2025\\\/11\\\/image-4.png\",\"articleSection\":[\"NOTRE ACTUALITE\"],\"inLanguage\":\"en-US\",\"potentialAction\":[{\"@type\":\"CommentAction\",\"name\":\"Comment\",\"target\":[\"https:\\\/\\\/cyclosdesavaloirs.fr\\\/index.php\\\/2025\\\/11\\\/24\\\/vive-les-talents-du-velo-2025\\\/#respond\"]}]},{\"@type\":\"WebPage\",\"@id\":\"https:\\\/\\\/cyclosdesavaloirs.fr\\\/index.php\\\/2025\\\/11\\\/24\\\/vive-les-talents-du-velo-2025\\\/\",\"url\":\"https:\\\/\\\/cyclosdesavaloirs.fr\\\/index.php\\\/2025\\\/11\\\/24\\\/vive-les-talents-du-velo-2025\\\/\",\"name\":\"Vive les Talents du v\u00e9lo 2025 - CYCLOS DES AVALOIRS\",\"isPartOf\":{\"@id\":\"https:\\\/\\\/cyclosdesavaloirs.fr\\\/#website\"},\"primaryImageOfPage\":{\"@id\":\"https:\\\/\\\/cyclosdesavaloirs.fr\\\/index.php\\\/2025\\\/11\\\/24\\\/vive-les-talents-du-velo-2025\\\/#primaryimage\"},\"image\":{\"@id\":\"https:\\\/\\\/cyclosdesavaloirs.fr\\\/index.php\\\/2025\\\/11\\\/24\\\/vive-les-talents-du-velo-2025\\\/#primaryimage\"},\"thumbnailUrl\":\"https:\\\/\\\/cyclosdesavaloirs.fr\\\/wp-content\\\/uploads\\\/2025\\\/11\\\/image-4.png\",\"datePublished\":\"2025-11-24T07:13:20+00:00\",\"dateModified\":\"2025-11-24T07:13:21+00:00\",\"breadcrumb\":{\"@id\":\"https:\\\/\\\/cyclosdesavaloirs.fr\\\/index.php\\\/2025\\\/11\\\/24\\\/vive-les-talents-du-velo-2025\\\/#breadcrumb\"},\"inLanguage\":\"en-US\",\"potentialAction\":[{\"@type\":\"ReadAction\",\"target\":[\"https:\\\/\\\/cyclosdesavaloirs.fr\\\/index.php\\\/2025\\\/11\\\/24\\\/vive-les-talents-du-velo-2025\\\/\"]}]},{\"@type\":\"ImageObject\",\"inLanguage\":\"en-US\",\"@id\":\"https:\\\/\\\/cyclosdesavaloirs.fr\\\/index.php\\\/2025\\\/11\\\/24\\\/vive-les-talents-du-velo-2025\\\/#primaryimage\",\"url\":\"https:\\\/\\\/cyclosdesavaloirs.fr\\\/wp-content\\\/uploads\\\/2025\\\/11\\\/image-4.png\",\"contentUrl\":\"https:\\\/\\\/cyclosdesavaloirs.fr\\\/wp-content\\\/uploads\\\/2025\\\/11\\\/image-4.png\",\"width\":684,\"height\":350},{\"@type\":\"BreadcrumbList\",\"@id\":\"https:\\\/\\\/cyclosdesavaloirs.fr\\\/index.php\\\/2025\\\/11\\\/24\\\/vive-les-talents-du-velo-2025\\\/#breadcrumb\",\"itemListElement\":[{\"@type\":\"ListItem\",\"position\":1,\"name\":\"Accueil\",\"item\":\"https:\\\/\\\/cyclosdesavaloirs.fr\\\/\"},{\"@type\":\"ListItem\",\"position\":2,\"name\":\"Vive les Talents du v\u00e9lo 2025\"}]},{\"@type\":\"WebSite\",\"@id\":\"https:\\\/\\\/cyclosdesavaloirs.fr\\\/#website\",\"url\":\"https:\\\/\\\/cyclosdesavaloirs.fr\\\/\",\"name\":\"CYCLOS DES AVALOIRS\",\"description\":\"A v\u00e9lo, tout est plus beau et \u00e0 plusieurs, c&#039;est encore meilleur !\",\"publisher\":{\"@id\":\"https:\\\/\\\/cyclosdesavaloirs.fr\\\/#organization\"},\"potentialAction\":[{\"@type\":\"SearchAction\",\"target\":{\"@type\":\"EntryPoint\",\"urlTemplate\":\"https:\\\/\\\/cyclosdesavaloirs.fr\\\/?s={search_term_string}\"},\"query-input\":{\"@type\":\"PropertyValueSpecification\",\"valueRequired\":true,\"valueName\":\"search_term_string\"}}],\"inLanguage\":\"en-US\"},{\"@type\":\"Organization\",\"@id\":\"https:\\\/\\\/cyclosdesavaloirs.fr\\\/#organization\",\"name\":\"CYCLOS DES AVALOIRS\",\"url\":\"https:\\\/\\\/cyclosdesavaloirs.fr\\\/\",\"logo\":{\"@type\":\"ImageObject\",\"inLanguage\":\"en-US\",\"@id\":\"https:\\\/\\\/cyclosdesavaloirs.fr\\\/#\\\/schema\\\/logo\\\/image\\\/\",\"url\":\"https:\\\/\\\/cyclosdesavaloirs.fr\\\/wp-content\\\/uploads\\\/2022\\\/06\\\/cropped-cropped-cropped-cropped-LOGO_CYLCOS-1.png\",\"contentUrl\":\"https:\\\/\\\/cyclosdesavaloirs.fr\\\/wp-content\\\/uploads\\\/2022\\\/06\\\/cropped-cropped-cropped-cropped-LOGO_CYLCOS-1.png\",\"width\":240,\"height\":240,\"caption\":\"CYCLOS DES AVALOIRS\"},\"image\":{\"@id\":\"https:\\\/\\\/cyclosdesavaloirs.fr\\\/#\\\/schema\\\/logo\\\/image\\\/\"},\"sameAs\":[\"https:\\\/\\\/www.facebook.com\\\/Cyclos-des-Avaloirs-108867535260146\"]},{\"@type\":\"Person\",\"@id\":\"https:\\\/\\\/cyclosdesavaloirs.fr\\\/#\\\/schema\\\/person\\\/dc990e561058b9b924c9569b16687c01\",\"name\":\"admin4106\",\"image\":{\"@type\":\"ImageObject\",\"inLanguage\":\"en-US\",\"@id\":\"https:\\\/\\\/secure.gravatar.com\\\/avatar\\\/259677e7322e5ca7aeab0675ddee6da680e2035073d9e7fba6a850ea7d1b329b?s=96&d=mm&r=g\",\"url\":\"https:\\\/\\\/secure.gravatar.com\\\/avatar\\\/259677e7322e5ca7aeab0675ddee6da680e2035073d9e7fba6a850ea7d1b329b?s=96&d=mm&r=g\",\"contentUrl\":\"https:\\\/\\\/secure.gravatar.com\\\/avatar\\\/259677e7322e5ca7aeab0675ddee6da680e2035073d9e7fba6a850ea7d1b329b?s=96&d=mm&r=g\",\"caption\":\"admin4106\"},\"sameAs\":[\"http:\\\/\\\/cyclosdesavaloirs.fr\"],\"url\":\"https:\\\/\\\/cyclosdesavaloirs.fr\\\/index.php\\\/author\\\/admin4106\\\/\"}]}<\/script>\n<!-- \/ Yoast SEO plugin. -->","yoast_head_json":{"title":"Vive les Talents du v\u00e9lo 2025 - CYCLOS DES AVALOIRS","robots":{"index":"index","follow":"follow","max-snippet":"max-snippet:-1","max-image-preview":"max-image-preview:large","max-video-preview":"max-video-preview:-1"},"canonical":"https:\/\/cyclosdesavaloirs.fr\/index.php\/2025\/11\/24\/vive-les-talents-du-velo-2025\/","og_locale":"en_US","og_type":"article","og_title":"Vive les Talents du v\u00e9lo 2025 - CYCLOS DES AVALOIRS","og_description":"Organis\u00e9e par le R\u00e9seau v\u00e9lo et marche, la 15\u1d49 \u00e9dition des Talents du v\u00e9lo a une nouvelle fois mis en lumi\u00e8re la cr\u00e9ativit\u00e9, la diversit\u00e9","og_url":"https:\/\/cyclosdesavaloirs.fr\/index.php\/2025\/11\/24\/vive-les-talents-du-velo-2025\/","og_site_name":"CYCLOS DES AVALOIRS","article_publisher":"https:\/\/www.facebook.com\/Cyclos-des-Avaloirs-108867535260146","article_published_time":"2025-11-24T07:13:20+00:00","article_modified_time":"2025-11-24T07:13:21+00:00","og_image":[{"width":684,"height":350,"url":"https:\/\/cyclosdesavaloirs.fr\/wp-content\/uploads\/2025\/11\/image-4.png","type":"image\/png"}],"author":"admin4106","twitter_card":"summary_large_image","twitter_misc":{"Written by":"admin4106","Est. reading time":"4 minutes"},"schema":{"@context":"https:\/\/schema.org","@graph":[{"@type":"Article","@id":"https:\/\/cyclosdesavaloirs.fr\/index.php\/2025\/11\/24\/vive-les-talents-du-velo-2025\/#article","isPartOf":{"@id":"https:\/\/cyclosdesavaloirs.fr\/index.php\/2025\/11\/24\/vive-les-talents-du-velo-2025\/"},"author":{"name":"admin4106","@id":"https:\/\/cyclosdesavaloirs.fr\/#\/schema\/person\/dc990e561058b9b924c9569b16687c01"},"headline":"Vive les Talents du v\u00e9lo 2025","datePublished":"2025-11-24T07:13:20+00:00","dateModified":"2025-11-24T07:13:21+00:00","mainEntityOfPage":{"@id":"https:\/\/cyclosdesavaloirs.fr\/index.php\/2025\/11\/24\/vive-les-talents-du-velo-2025\/"},"wordCount":824,"commentCount":0,"publisher":{"@id":"https:\/\/cyclosdesavaloirs.fr\/#organization"},"image":{"@id":"https:\/\/cyclosdesavaloirs.fr\/index.php\/2025\/11\/24\/vive-les-talents-du-velo-2025\/#primaryimage"},"thumbnailUrl":"https:\/\/cyclosdesavaloirs.fr\/wp-content\/uploads\/2025\/11\/image-4.png","articleSection":["NOTRE ACTUALITE"],"inLanguage":"en-US","potentialAction":[{"@type":"CommentAction","name":"Comment","target":["https:\/\/cyclosdesavaloirs.fr\/index.php\/2025\/11\/24\/vive-les-talents-du-velo-2025\/#respond"]}]},{"@type":"WebPage","@id":"https:\/\/cyclosdesavaloirs.fr\/index.php\/2025\/11\/24\/vive-les-talents-du-velo-2025\/","url":"https:\/\/cyclosdesavaloirs.fr\/index.php\/2025\/11\/24\/vive-les-talents-du-velo-2025\/","name":"Vive les Talents du v\u00e9lo 2025 - CYCLOS DES AVALOIRS","isPartOf":{"@id":"https:\/\/cyclosdesavaloirs.fr\/#website"},"primaryImageOfPage":{"@id":"https:\/\/cyclosdesavaloirs.fr\/index.php\/2025\/11\/24\/vive-les-talents-du-velo-2025\/#primaryimage"},"image":{"@id":"https:\/\/cyclosdesavaloirs.fr\/index.php\/2025\/11\/24\/vive-les-talents-du-velo-2025\/#primaryimage"},"thumbnailUrl":"https:\/\/cyclosdesavaloirs.fr\/wp-content\/uploads\/2025\/11\/image-4.png","datePublished":"2025-11-24T07:13:20+00:00","dateModified":"2025-11-24T07:13:21+00:00","breadcrumb":{"@id":"https:\/\/cyclosdesavaloirs.fr\/index.php\/2025\/11\/24\/vive-les-talents-du-velo-2025\/#breadcrumb"},"inLanguage":"en-US","potentialAction":[{"@type":"ReadAction","target":["https:\/\/cyclosdesavaloirs.fr\/index.php\/2025\/11\/24\/vive-les-talents-du-velo-2025\/"]}]},{"@type":"ImageObject","inLanguage":"en-US","@id":"https:\/\/cyclosdesavaloirs.fr\/index.php\/2025\/11\/24\/vive-les-talents-du-velo-2025\/#primaryimage","url":"https:\/\/cyclosdesavaloirs.fr\/wp-content\/uploads\/2025\/11\/image-4.png","contentUrl":"https:\/\/cyclosdesavaloirs.fr\/wp-content\/uploads\/2025\/11\/image-4.png","width":684,"height":350},{"@type":"BreadcrumbList","@id":"https:\/\/cyclosdesavaloirs.fr\/index.php\/2025\/11\/24\/vive-les-talents-du-velo-2025\/#breadcrumb","itemListElement":[{"@type":"ListItem","position":1,"name":"Accueil","item":"https:\/\/cyclosdesavaloirs.fr\/"},{"@type":"ListItem","position":2,"name":"Vive les Talents du v\u00e9lo 2025"}]},{"@type":"WebSite","@id":"https:\/\/cyclosdesavaloirs.fr\/#website","url":"https:\/\/cyclosdesavaloirs.fr\/","name":"CYCLOS DES AVALOIRS","description":"A v\u00e9lo, tout est plus beau et \u00e0 plusieurs, c&#039;est encore meilleur !","publisher":{"@id":"https:\/\/cyclosdesavaloirs.fr\/#organization"},"potentialAction":[{"@type":"SearchAction","target":{"@type":"EntryPoint","urlTemplate":"https:\/\/cyclosdesavaloirs.fr\/?s={search_term_string}"},"query-input":{"@type":"PropertyValueSpecification","valueRequired":true,"valueName":"search_term_string"}}],"inLanguage":"en-US"},{"@type":"Organization","@id":"https:\/\/cyclosdesavaloirs.fr\/#organization","name":"CYCLOS DES AVALOIRS","url":"https:\/\/cyclosdesavaloirs.fr\/","logo":{"@type":"ImageObject","inLanguage":"en-US","@id":"https:\/\/cyclosdesavaloirs.fr\/#\/schema\/logo\/image\/","url":"https:\/\/cyclosdesavaloirs.fr\/wp-content\/uploads\/2022\/06\/cropped-cropped-cropped-cropped-LOGO_CYLCOS-1.png","contentUrl":"https:\/\/cyclosdesavaloirs.fr\/wp-content\/uploads\/2022\/06\/cropped-cropped-cropped-cropped-LOGO_CYLCOS-1.png","width":240,"height":240,"caption":"CYCLOS DES AVALOIRS"},"image":{"@id":"https:\/\/cyclosdesavaloirs.fr\/#\/schema\/logo\/image\/"},"sameAs":["https:\/\/www.facebook.com\/Cyclos-des-Avaloirs-108867535260146"]},{"@type":"Person","@id":"https:\/\/cyclosdesavaloirs.fr\/#\/schema\/person\/dc990e561058b9b924c9569b16687c01","name":"admin4106","image":{"@type":"ImageObject","inLanguage":"en-US","@id":"https:\/\/secure.gravatar.com\/avatar\/259677e7322e5ca7aeab0675ddee6da680e2035073d9e7fba6a850ea7d1b329b?s=96&d=mm&r=g","url":"https:\/\/secure.gravatar.com\/avatar\/259677e7322e5ca7aeab0675ddee6da680e2035073d9e7fba6a850ea7d1b329b?s=96&d=mm&r=g","contentUrl":"https:\/\/secure.gravatar.com\/avatar\/259677e7322e5ca7aeab0675ddee6da680e2035073d9e7fba6a850ea7d1b329b?s=96&d=mm&r=g","caption":"admin4106"},"sameAs":["http:\/\/cyclosdesavaloirs.fr"],"url":"https:\/\/cyclosdesavaloirs.fr\/index.php\/author\/admin4106\/"}]}},"_links":{"self":[{"href":"https:\/\/cyclosdesavaloirs.fr\/index.php\/wp-json\/wp\/v2\/posts\/4792","targetHints":{"allow":["GET"]}}],"collection":[{"href":"https:\/\/cyclosdesavaloirs.fr\/index.php\/wp-json\/wp\/v2\/posts"}],"about":[{"href":"https:\/\/cyclosdesavaloirs.fr\/index.php\/wp-json\/wp\/v2\/types\/post"}],"author":[{"embeddable":true,"href":"https:\/\/cyclosdesavaloirs.fr\/index.php\/wp-json\/wp\/v2\/users\/1"}],"replies":[{"embeddable":true,"href":"https:\/\/cyclosdesavaloirs.fr\/index.php\/wp-json\/wp\/v2\/comments?post=4792"}],"version-history":[{"count":1,"href":"https:\/\/cyclosdesavaloirs.fr\/index.php\/wp-json\/wp\/v2\/posts\/4792\/revisions"}],"predecessor-version":[{"id":4794,"href":"https:\/\/cyclosdesavaloirs.fr\/index.php\/wp-json\/wp\/v2\/posts\/4792\/revisions\/4794"}],"wp:attachment":[{"href":"https:\/\/cyclosdesavaloirs.fr\/index.php\/wp-json\/wp\/v2\/media?parent=4792"}],"wp:term":[{"taxonomy":"category","embeddable":true,"href":"https:\/\/cyclosdesavaloirs.fr\/index.php\/wp-json\/wp\/v2\/categories?post=4792"},{"taxonomy":"post_tag","embeddable":true,"href":"https:\/\/cyclosdesavaloirs.fr\/index.php\/wp-json\/wp\/v2\/tags?post=4792"}],"curies":[{"name":"wp","href":"https:\/\/api.w.org\/{rel}","templated":true}]}}