{"id":4811,"date":"2025-12-05T11:57:28","date_gmt":"2025-12-05T10:57:28","guid":{"rendered":"https:\/\/cyclosdesavaloirs.fr\/?p=4811"},"modified":"2025-12-05T11:57:28","modified_gmt":"2025-12-05T10:57:28","slug":"journee-mondiale-du-benevolat-celebrons-celles-et-ceux-qui-font-vivre-le-cyclotourisme","status":"publish","type":"post","link":"https:\/\/cyclosdesavaloirs.fr\/index.php\/2025\/12\/05\/journee-mondiale-du-benevolat-celebrons-celles-et-ceux-qui-font-vivre-le-cyclotourisme\/","title":{"rendered":"Journ\u00e9e mondiale du b\u00e9n\u00e9volat : c\u00e9l\u00e9brons celles et ceux qui font vivre le cyclotourisme"},"content":{"rendered":"<div class=\"wp-block-image is-style-rounded\">\n<figure class=\"aligncenter size-full\"><img loading=\"lazy\" decoding=\"async\" width=\"684\" height=\"350\" src=\"https:\/\/cyclosdesavaloirs.fr\/wp-content\/uploads\/2025\/12\/image-1.png\" alt=\"\" class=\"wp-image-4812\" srcset=\"https:\/\/cyclosdesavaloirs.fr\/wp-content\/uploads\/2025\/12\/image-1.png 684w, https:\/\/cyclosdesavaloirs.fr\/wp-content\/uploads\/2025\/12\/image-1-300x154.png 300w\" sizes=\"auto, (max-width: 684px) 100vw, 684px\" \/><\/figure>\n<\/div>\n\n\n<p>Derri\u00e8re chaque sourire de b\u00e9n\u00e9voles \u00e9chang\u00e9 \u00e0 l\u2019arriv\u00e9e d\u2019une randonn\u00e9e, chaque stand anim\u00e9 lors de la Semaine F\u00e9d\u00e9rale, il y a des femmes et des hommes qui offrent leur temps, leur \u00e9nergie, et souvent bien plus.<\/p>\n\n\n\n<p>Le 5 d\u00e9cembre rend chaque ann\u00e9e hommage \u00e0 celles et ceux qui choisissent d\u2019agir pour les autres. Une journ\u00e9e pour dire merci, mais aussi pour rappeler que l\u2019engagement b\u00e9n\u00e9vole reste l\u2019une des forces les plus pr\u00e9cieuses de nos associations.<\/p>\n\n\n\n<p>\u00c0 la&nbsp;<a href=\"http:\/\/ffvelo.fr\/\">F\u00e9d\u00e9ration fran\u00e7aise de cyclotourisme<\/a>, les \u00e9v\u00e9nements, les randonn\u00e9es, les actions \u00e9ducatives et la convivialit\u00e9 qui font notre r\u00e9putation reposent avant tout sur des femmes et des hommes passionn\u00e9s de v\u00e9lo. Ce sont eux qui accueillent, orientent, balisent, cuisinent, rassurent, partagent leur savoir, transmettent leur passion. Sans b\u00e9n\u00e9voles, pas d\u2019organisation. Avec eux, pr\u00e8s de&nbsp;<strong>3 500 \u00e9v\u00e9nements<\/strong>&nbsp;voient le jour chaque ann\u00e9e.<\/p>\n\n\n\n<h2 class=\"wp-block-heading\">Des parcours diff\u00e9rents, un m\u00eame \u00e9lan<\/h2>\n\n\n\n<p>Le b\u00e9n\u00e9volat \u00e0 la F\u00e9d\u00e9ration, c\u2019est autant de profils que de missions. Dirigeants de clubs, membres de bureaux, responsables de circuits, assistants de parcours, animateurs, volontaires d\u2019un jour ou piliers de longue date : chacun trouve sa place, et toutes comptent. S\u2019engager dans un club, c\u2019est aussi faire le choix d\u2019une citoyennet\u00e9 active. Beaucoup viennent pour donner du temps ; tous repartent avec des rencontres, des souvenirs et l\u2019impression d\u2019avoir contribu\u00e9 \u00e0 quelque chose de plus grand qu\u2019eux.<\/p>\n\n\n\n<figure class=\"wp-block-image is-style-rounded\"><a href=\"https:\/\/cyclotourisme-mag.com\/wp-content\/uploads\/sites\/2\/2025\/12\/groupe-benevoles.jpg\"><img decoding=\"async\" src=\"https:\/\/cyclotourisme-mag.com\/wp-content\/uploads\/sites\/2\/2025\/12\/groupe-benevoles.jpg\" alt=\"\" class=\"wp-image-84021\"\/><\/a><\/figure>\n\n\n\n<h2 class=\"wp-block-heading\">Au c\u0153ur de la Semaine F\u00e9d\u00e9rale : une arm\u00e9e de l\u2019ombre<\/h2>\n\n\n\n<p>Impossible d\u2019\u00e9voquer le b\u00e9n\u00e9volat sans parler de la&nbsp;<strong>Semaine F\u00e9d\u00e9rale Internationale de Cyclotourisme<\/strong>. Cet \u00e9v\u00e9nement d\u2019ampleur nationale r\u00e9unit chaque ann\u00e9e entre&nbsp;<strong>8 000 et 10 000 participants<\/strong>. Et derri\u00e8re cette incroyable m\u00e9canique, une force vive : pr\u00e8s de&nbsp;<strong>1 500 b\u00e9n\u00e9voles<\/strong>&nbsp;mobilis\u00e9s.<\/p>\n\n\n\n<p>\u2022&nbsp;<strong>500 b\u00e9n\u00e9voles<\/strong>&nbsp;\u0153uvrent au c\u0153ur de la ville d\u2019accueil : animations, accueil, informations, orientations\u2026<br><br>\u2022&nbsp;<strong>1 000 b\u00e9n\u00e9voles<\/strong>&nbsp;sont positionn\u00e9s sur les parcours, aux points de ravitaillement ou de convivialit\u00e9, pour assurer s\u00e9curit\u00e9, assistance et ambiance.<\/p>\n\n\n\n<p>Tous sont rattach\u00e9s \u00e0 la&nbsp;<strong>COSFIC<\/strong>&nbsp;(Commission Organisatrice de la Semaine F\u00e9d\u00e9rale), qui coordonne l\u2019ensemble de la pr\u00e9paration, de l\u2019installation \u00e0 la remise en \u00e9tat des lieux.<\/p>\n\n\n\n<p>Trois formes d\u2019engagement se compl\u00e8tent :<br><br>\u2013 les occasionnels, qui interviennent sur des journ\u00e9es ponctuelles,<br><br>\u2013 les b\u00e9n\u00e9voles de la semaine, pr\u00e9sents tous les jours,<br><br>\u2013 les b\u00e9n\u00e9voles de l\u2019organisation, investis bien avant et bien apr\u00e8s l\u2019\u00e9v\u00e9nement.<\/p>\n\n\n\n<blockquote class=\"wp-block-quote is-layout-flow wp-block-quote-is-layout-flow\">\n<p><strong>Gr\u00e2ce aux b\u00e9n\u00e9voles, la Semaine F\u00e9d\u00e9rale reste ce qu\u2019elle est : un moment unique de partage, fluide, joyeux et accueillant.<\/strong><\/p>\n<\/blockquote>\n\n\n<div class=\"wp-block-image is-style-rounded\">\n<figure class=\"aligncenter size-large\"><img loading=\"lazy\" decoding=\"async\" width=\"1024\" height=\"683\" src=\"https:\/\/cyclosdesavaloirs.fr\/wp-content\/uploads\/2025\/12\/image-2-1024x683.png\" alt=\"\" class=\"wp-image-4813\" srcset=\"https:\/\/cyclosdesavaloirs.fr\/wp-content\/uploads\/2025\/12\/image-2-1024x683.png 1024w, https:\/\/cyclosdesavaloirs.fr\/wp-content\/uploads\/2025\/12\/image-2-300x200.png 300w, https:\/\/cyclosdesavaloirs.fr\/wp-content\/uploads\/2025\/12\/image-2-768x512.png 768w, https:\/\/cyclosdesavaloirs.fr\/wp-content\/uploads\/2025\/12\/image-2.png 1500w\" sizes=\"auto, (max-width: 1024px) 100vw, 1024px\" \/><\/figure>\n<\/div>\n\n\n<p><a href=\"https:\/\/cyclotourisme-mag.com\/wp-content\/uploads\/sites\/2\/2025\/12\/Les-benevoles-font-la-circulation.jpg\"><\/a><\/p>\n\n\n\n<p id=\"caption-attachment-84022\">Les b\u00e9n\u00e9voles \u00e0 la circulation<\/p>\n\n\n\n<h2 class=\"wp-block-heading\">Des voix de b\u00e9n\u00e9voles<\/h2>\n\n\n\n<p>Sur la derni\u00e8re \u00e9dition d\u2019Orl\u00e9ans, quelques-uns se sont confi\u00e9s.<\/p>\n\n\n\n<p><strong>Michel<\/strong>, assistant de parcours, aime les rencontres, les sourires, les petits moments d\u2019entraide. Il veille au fl\u00e9chage du VTT et rappelle l\u2019essentiel : \u00ab Il faut se mettre \u00e0 la place de ceux qui ne connaissent pas le coin. Un circuit bien fl\u00e9ch\u00e9, c\u2019est des v\u00e9t\u00e9tistes contents. Tant qu\u2019il y aura du b\u00e9n\u00e9volat, il y aura de l\u2019animation. \u00bb<\/p>\n\n\n\n<p><strong>Jean-Marie<\/strong>, lui aussi responsable du fl\u00e9chage, insiste sur la pr\u00e9cision, l\u2019importance de guider ceux qui d\u00e9couvrent le territoire.<\/p>\n\n\n\n<p><strong>Nathalie<\/strong>&nbsp;souligne l\u2019ampleur du d\u00e9fi : \u00ab 7 500 personnes\u2026 il faut pr\u00e9voir, accueillir, faciliter. Les gens viennent de partout, m\u00eame de l\u2019\u00e9tranger. C\u2019est ce qui fait vivre les villes et les villages. \u00bb<\/p>\n\n\n\n<p>Leurs mots disent mieux que tout,&nbsp;<strong>l\u2019essence du b\u00e9n\u00e9volat : donner du temps, aller vers les autres, et voir la joie que cela cr\u00e9e.<\/strong><\/p>\n\n\n\n<h2 class=\"wp-block-heading\">Un engagement indispensable\u2026 mais fragile<\/h2>\n\n\n\n<p>Comme beaucoup de structures associatives, les clubs de cyclotourisme doivent aujourd\u2019hui relever un d\u00e9fi : attirer de nouveaux b\u00e9n\u00e9voles. Manque de temps, contraintes professionnelles, m\u00e9connaissance des missions disponibles\u2026 les obstacles sont nombreux.<\/p>\n\n\n\n<p>Pourtant, les besoins sont r\u00e9els. \u00c0 la F\u00e9d\u00e9ration, les b\u00e9n\u00e9voles assurent un ensemble de missions essentielles : encadrement de sorties, organisation d\u2019\u00e9v\u00e9nements, ateliers de m\u00e9canique v\u00e9lo, actions \u00e9ducatives dans les \u00e9coles, participation \u00e0 des f\u00eates locales\u2026 Autant d\u2019occasions de partager une passion et de la transmettre.<\/p>\n\n\n\n<p><a href=\"https:\/\/cyclotourisme-mag.com\/wp-content\/uploads\/sites\/2\/2025\/12\/defile-benevole-balisage.jpeg\"><\/a><\/p>\n\n\n\n<p id=\"caption-attachment-84020\">Beaucoup de cyclistes ignorent simplement que leur club local aurait besoin d\u2019eux. Mieux mettre en lumi\u00e8re les missions, montrer leur impact concret, accompagner les nouveaux volontaires : voil\u00e0 un enjeu crucial pour les ann\u00e9es \u00e0 venir.<\/p>\n\n\n\n<h2 class=\"wp-block-heading\">Rejoindre un club, c\u2019est rejoindre une communaut\u00e9<\/h2>\n\n\n\n<p>Au-del\u00e0 du coup de main, le b\u00e9n\u00e9volat dans un club FFV\u00e9lo, c\u2019est entrer dans un collectif.<\/p>\n\n\n\n<ul class=\"wp-block-list\">\n<li>On y roule ensemble.<\/li>\n\n\n\n<li>On y apprend ensemble.<\/li>\n\n\n\n<li>On y construit ensemble des \u00e9v\u00e9nements, des souvenirs, des moments de vie.<\/li>\n<\/ul>\n\n\n\n<p><strong>Chaque volontaire, qu\u2019il donne une heure par mois ou qu\u2019il s\u2019investisse toute l\u2019ann\u00e9e, permet de maintenir vivante cette culture du partage qui fait la force du cyclotourisme. Pour trouver le club le plus proche de chez vous, rendez-vous sur&nbsp;<a href=\"https:\/\/veloenfrance.fr\/clubs\/liste\">https:\/\/veloenfrance.fr<\/a><\/strong><\/p>\n\n\n\n<h2 class=\"wp-block-heading\">Et maintenant ? \u00c0 vous de p\u00e9daler dans la bonne direction<\/h2>\n\n\n\n<p>Si l\u2019envie vous titille, si vous souhaitez transmettre votre passion, rencontrer d\u2019autres cyclistes, contribuer \u00e0 la vie de votre territoire, n\u2019h\u00e9sitez pas \u00e0 franchir le pas.<\/p>\n\n\n\n<p>Texte : Jean-Pierre Giorgi \u2013 Photos : DR \/ Photot\u00e9que F\u00e9d\u00e9rale<\/p>\n","protected":false},"excerpt":{"rendered":"<p>Derri\u00e8re chaque sourire de b\u00e9n\u00e9voles \u00e9chang\u00e9 \u00e0 l\u2019arriv\u00e9e d\u2019une randonn\u00e9e, chaque stand anim\u00e9 lors de la Semaine F\u00e9d\u00e9rale, il y a des femmes et des<\/p>\n","protected":false},"author":1,"featured_media":0,"comment_status":"open","ping_status":"open","sticky":false,"template":"","format":"standard","meta":{"footnotes":""},"categories":[11],"tags":[],"class_list":["post-4811","post","type-post","status-publish","format-standard","hentry","category-notre-actualite"],"yoast_head":"<!-- This site is optimized with the Yoast SEO plugin v27.5 - https:\/\/yoast.com\/product\/yoast-seo-wordpress\/ -->\n<title>Journ\u00e9e mondiale du b\u00e9n\u00e9volat : c\u00e9l\u00e9brons celles et ceux qui font vivre le cyclotourisme - CYCLOS DES AVALOIRS<\/title>\n<meta name=\"robots\" content=\"index, follow, max-snippet:-1, max-image-preview:large, max-video-preview:-1\" \/>\n<link rel=\"canonical\" href=\"https:\/\/cyclosdesavaloirs.fr\/index.php\/2025\/12\/05\/journee-mondiale-du-benevolat-celebrons-celles-et-ceux-qui-font-vivre-le-cyclotourisme\/\" \/>\n<meta property=\"og:locale\" content=\"en_US\" \/>\n<meta property=\"og:type\" content=\"article\" \/>\n<meta property=\"og:title\" content=\"Journ\u00e9e mondiale du b\u00e9n\u00e9volat : c\u00e9l\u00e9brons celles et ceux qui font vivre le cyclotourisme - CYCLOS DES AVALOIRS\" \/>\n<meta property=\"og:description\" content=\"Derri\u00e8re chaque sourire de b\u00e9n\u00e9voles \u00e9chang\u00e9 \u00e0 l\u2019arriv\u00e9e d\u2019une randonn\u00e9e, chaque stand anim\u00e9 lors de la Semaine F\u00e9d\u00e9rale, il y a des femmes et des\" \/>\n<meta property=\"og:url\" content=\"https:\/\/cyclosdesavaloirs.fr\/index.php\/2025\/12\/05\/journee-mondiale-du-benevolat-celebrons-celles-et-ceux-qui-font-vivre-le-cyclotourisme\/\" \/>\n<meta property=\"og:site_name\" content=\"CYCLOS DES AVALOIRS\" \/>\n<meta property=\"article:publisher\" content=\"https:\/\/www.facebook.com\/Cyclos-des-Avaloirs-108867535260146\" \/>\n<meta property=\"article:published_time\" content=\"2025-12-05T10:57:28+00:00\" \/>\n<meta property=\"og:image\" content=\"https:\/\/cyclosdesavaloirs.fr\/wp-content\/uploads\/2025\/12\/image-1.png\" \/>\n\t<meta property=\"og:image:width\" content=\"684\" \/>\n\t<meta property=\"og:image:height\" content=\"350\" \/>\n\t<meta property=\"og:image:type\" content=\"image\/png\" \/>\n<meta name=\"author\" content=\"admin4106\" \/>\n<meta name=\"twitter:card\" content=\"summary_large_image\" \/>\n<meta name=\"twitter:label1\" content=\"Written by\" \/>\n\t<meta name=\"twitter:data1\" content=\"admin4106\" \/>\n\t<meta name=\"twitter:label2\" content=\"Est. reading time\" \/>\n\t<meta name=\"twitter:data2\" content=\"4 minutes\" \/>\n<script type=\"application\/ld+json\" class=\"yoast-schema-graph\">{\"@context\":\"https:\\\/\\\/schema.org\",\"@graph\":[{\"@type\":\"Article\",\"@id\":\"https:\\\/\\\/cyclosdesavaloirs.fr\\\/index.php\\\/2025\\\/12\\\/05\\\/journee-mondiale-du-benevolat-celebrons-celles-et-ceux-qui-font-vivre-le-cyclotourisme\\\/#article\",\"isPartOf\":{\"@id\":\"https:\\\/\\\/cyclosdesavaloirs.fr\\\/index.php\\\/2025\\\/12\\\/05\\\/journee-mondiale-du-benevolat-celebrons-celles-et-ceux-qui-font-vivre-le-cyclotourisme\\\/\"},\"author\":{\"name\":\"admin4106\",\"@id\":\"https:\\\/\\\/cyclosdesavaloirs.fr\\\/#\\\/schema\\\/person\\\/dc990e561058b9b924c9569b16687c01\"},\"headline\":\"Journ\u00e9e mondiale du b\u00e9n\u00e9volat : c\u00e9l\u00e9brons celles et ceux qui font vivre le cyclotourisme\",\"datePublished\":\"2025-12-05T10:57:28+00:00\",\"mainEntityOfPage\":{\"@id\":\"https:\\\/\\\/cyclosdesavaloirs.fr\\\/index.php\\\/2025\\\/12\\\/05\\\/journee-mondiale-du-benevolat-celebrons-celles-et-ceux-qui-font-vivre-le-cyclotourisme\\\/\"},\"wordCount\":948,\"commentCount\":0,\"publisher\":{\"@id\":\"https:\\\/\\\/cyclosdesavaloirs.fr\\\/#organization\"},\"image\":{\"@id\":\"https:\\\/\\\/cyclosdesavaloirs.fr\\\/index.php\\\/2025\\\/12\\\/05\\\/journee-mondiale-du-benevolat-celebrons-celles-et-ceux-qui-font-vivre-le-cyclotourisme\\\/#primaryimage\"},\"thumbnailUrl\":\"https:\\\/\\\/cyclosdesavaloirs.fr\\\/wp-content\\\/uploads\\\/2025\\\/12\\\/image-1.png\",\"articleSection\":[\"NOTRE ACTUALITE\"],\"inLanguage\":\"en-US\",\"potentialAction\":[{\"@type\":\"CommentAction\",\"name\":\"Comment\",\"target\":[\"https:\\\/\\\/cyclosdesavaloirs.fr\\\/index.php\\\/2025\\\/12\\\/05\\\/journee-mondiale-du-benevolat-celebrons-celles-et-ceux-qui-font-vivre-le-cyclotourisme\\\/#respond\"]}]},{\"@type\":\"WebPage\",\"@id\":\"https:\\\/\\\/cyclosdesavaloirs.fr\\\/index.php\\\/2025\\\/12\\\/05\\\/journee-mondiale-du-benevolat-celebrons-celles-et-ceux-qui-font-vivre-le-cyclotourisme\\\/\",\"url\":\"https:\\\/\\\/cyclosdesavaloirs.fr\\\/index.php\\\/2025\\\/12\\\/05\\\/journee-mondiale-du-benevolat-celebrons-celles-et-ceux-qui-font-vivre-le-cyclotourisme\\\/\",\"name\":\"Journ\u00e9e mondiale du b\u00e9n\u00e9volat : c\u00e9l\u00e9brons celles et ceux qui font vivre le cyclotourisme - CYCLOS DES AVALOIRS\",\"isPartOf\":{\"@id\":\"https:\\\/\\\/cyclosdesavaloirs.fr\\\/#website\"},\"primaryImageOfPage\":{\"@id\":\"https:\\\/\\\/cyclosdesavaloirs.fr\\\/index.php\\\/2025\\\/12\\\/05\\\/journee-mondiale-du-benevolat-celebrons-celles-et-ceux-qui-font-vivre-le-cyclotourisme\\\/#primaryimage\"},\"image\":{\"@id\":\"https:\\\/\\\/cyclosdesavaloirs.fr\\\/index.php\\\/2025\\\/12\\\/05\\\/journee-mondiale-du-benevolat-celebrons-celles-et-ceux-qui-font-vivre-le-cyclotourisme\\\/#primaryimage\"},\"thumbnailUrl\":\"https:\\\/\\\/cyclosdesavaloirs.fr\\\/wp-content\\\/uploads\\\/2025\\\/12\\\/image-1.png\",\"datePublished\":\"2025-12-05T10:57:28+00:00\",\"breadcrumb\":{\"@id\":\"https:\\\/\\\/cyclosdesavaloirs.fr\\\/index.php\\\/2025\\\/12\\\/05\\\/journee-mondiale-du-benevolat-celebrons-celles-et-ceux-qui-font-vivre-le-cyclotourisme\\\/#breadcrumb\"},\"inLanguage\":\"en-US\",\"potentialAction\":[{\"@type\":\"ReadAction\",\"target\":[\"https:\\\/\\\/cyclosdesavaloirs.fr\\\/index.php\\\/2025\\\/12\\\/05\\\/journee-mondiale-du-benevolat-celebrons-celles-et-ceux-qui-font-vivre-le-cyclotourisme\\\/\"]}]},{\"@type\":\"ImageObject\",\"inLanguage\":\"en-US\",\"@id\":\"https:\\\/\\\/cyclosdesavaloirs.fr\\\/index.php\\\/2025\\\/12\\\/05\\\/journee-mondiale-du-benevolat-celebrons-celles-et-ceux-qui-font-vivre-le-cyclotourisme\\\/#primaryimage\",\"url\":\"https:\\\/\\\/cyclosdesavaloirs.fr\\\/wp-content\\\/uploads\\\/2025\\\/12\\\/image-1.png\",\"contentUrl\":\"https:\\\/\\\/cyclosdesavaloirs.fr\\\/wp-content\\\/uploads\\\/2025\\\/12\\\/image-1.png\",\"width\":684,\"height\":350},{\"@type\":\"BreadcrumbList\",\"@id\":\"https:\\\/\\\/cyclosdesavaloirs.fr\\\/index.php\\\/2025\\\/12\\\/05\\\/journee-mondiale-du-benevolat-celebrons-celles-et-ceux-qui-font-vivre-le-cyclotourisme\\\/#breadcrumb\",\"itemListElement\":[{\"@type\":\"ListItem\",\"position\":1,\"name\":\"Accueil\",\"item\":\"https:\\\/\\\/cyclosdesavaloirs.fr\\\/\"},{\"@type\":\"ListItem\",\"position\":2,\"name\":\"Journ\u00e9e mondiale du b\u00e9n\u00e9volat : c\u00e9l\u00e9brons celles et ceux qui font vivre le cyclotourisme\"}]},{\"@type\":\"WebSite\",\"@id\":\"https:\\\/\\\/cyclosdesavaloirs.fr\\\/#website\",\"url\":\"https:\\\/\\\/cyclosdesavaloirs.fr\\\/\",\"name\":\"CYCLOS DES AVALOIRS\",\"description\":\"A v\u00e9lo, tout est plus beau et \u00e0 plusieurs, c&#039;est encore meilleur !\",\"publisher\":{\"@id\":\"https:\\\/\\\/cyclosdesavaloirs.fr\\\/#organization\"},\"potentialAction\":[{\"@type\":\"SearchAction\",\"target\":{\"@type\":\"EntryPoint\",\"urlTemplate\":\"https:\\\/\\\/cyclosdesavaloirs.fr\\\/?s={search_term_string}\"},\"query-input\":{\"@type\":\"PropertyValueSpecification\",\"valueRequired\":true,\"valueName\":\"search_term_string\"}}],\"inLanguage\":\"en-US\"},{\"@type\":\"Organization\",\"@id\":\"https:\\\/\\\/cyclosdesavaloirs.fr\\\/#organization\",\"name\":\"CYCLOS DES AVALOIRS\",\"url\":\"https:\\\/\\\/cyclosdesavaloirs.fr\\\/\",\"logo\":{\"@type\":\"ImageObject\",\"inLanguage\":\"en-US\",\"@id\":\"https:\\\/\\\/cyclosdesavaloirs.fr\\\/#\\\/schema\\\/logo\\\/image\\\/\",\"url\":\"https:\\\/\\\/cyclosdesavaloirs.fr\\\/wp-content\\\/uploads\\\/2022\\\/06\\\/cropped-cropped-cropped-cropped-LOGO_CYLCOS-1.png\",\"contentUrl\":\"https:\\\/\\\/cyclosdesavaloirs.fr\\\/wp-content\\\/uploads\\\/2022\\\/06\\\/cropped-cropped-cropped-cropped-LOGO_CYLCOS-1.png\",\"width\":240,\"height\":240,\"caption\":\"CYCLOS DES AVALOIRS\"},\"image\":{\"@id\":\"https:\\\/\\\/cyclosdesavaloirs.fr\\\/#\\\/schema\\\/logo\\\/image\\\/\"},\"sameAs\":[\"https:\\\/\\\/www.facebook.com\\\/Cyclos-des-Avaloirs-108867535260146\"]},{\"@type\":\"Person\",\"@id\":\"https:\\\/\\\/cyclosdesavaloirs.fr\\\/#\\\/schema\\\/person\\\/dc990e561058b9b924c9569b16687c01\",\"name\":\"admin4106\",\"image\":{\"@type\":\"ImageObject\",\"inLanguage\":\"en-US\",\"@id\":\"https:\\\/\\\/secure.gravatar.com\\\/avatar\\\/259677e7322e5ca7aeab0675ddee6da680e2035073d9e7fba6a850ea7d1b329b?s=96&d=mm&r=g\",\"url\":\"https:\\\/\\\/secure.gravatar.com\\\/avatar\\\/259677e7322e5ca7aeab0675ddee6da680e2035073d9e7fba6a850ea7d1b329b?s=96&d=mm&r=g\",\"contentUrl\":\"https:\\\/\\\/secure.gravatar.com\\\/avatar\\\/259677e7322e5ca7aeab0675ddee6da680e2035073d9e7fba6a850ea7d1b329b?s=96&d=mm&r=g\",\"caption\":\"admin4106\"},\"sameAs\":[\"http:\\\/\\\/cyclosdesavaloirs.fr\"],\"url\":\"https:\\\/\\\/cyclosdesavaloirs.fr\\\/index.php\\\/author\\\/admin4106\\\/\"}]}<\/script>\n<!-- \/ Yoast SEO plugin. -->","yoast_head_json":{"title":"Journ\u00e9e mondiale du b\u00e9n\u00e9volat : c\u00e9l\u00e9brons celles et ceux qui font vivre le cyclotourisme - CYCLOS DES AVALOIRS","robots":{"index":"index","follow":"follow","max-snippet":"max-snippet:-1","max-image-preview":"max-image-preview:large","max-video-preview":"max-video-preview:-1"},"canonical":"https:\/\/cyclosdesavaloirs.fr\/index.php\/2025\/12\/05\/journee-mondiale-du-benevolat-celebrons-celles-et-ceux-qui-font-vivre-le-cyclotourisme\/","og_locale":"en_US","og_type":"article","og_title":"Journ\u00e9e mondiale du b\u00e9n\u00e9volat : c\u00e9l\u00e9brons celles et ceux qui font vivre le cyclotourisme - CYCLOS DES AVALOIRS","og_description":"Derri\u00e8re chaque sourire de b\u00e9n\u00e9voles \u00e9chang\u00e9 \u00e0 l\u2019arriv\u00e9e d\u2019une randonn\u00e9e, chaque stand anim\u00e9 lors de la Semaine F\u00e9d\u00e9rale, il y a des femmes et des","og_url":"https:\/\/cyclosdesavaloirs.fr\/index.php\/2025\/12\/05\/journee-mondiale-du-benevolat-celebrons-celles-et-ceux-qui-font-vivre-le-cyclotourisme\/","og_site_name":"CYCLOS DES AVALOIRS","article_publisher":"https:\/\/www.facebook.com\/Cyclos-des-Avaloirs-108867535260146","article_published_time":"2025-12-05T10:57:28+00:00","og_image":[{"width":684,"height":350,"url":"https:\/\/cyclosdesavaloirs.fr\/wp-content\/uploads\/2025\/12\/image-1.png","type":"image\/png"}],"author":"admin4106","twitter_card":"summary_large_image","twitter_misc":{"Written by":"admin4106","Est. reading time":"4 minutes"},"schema":{"@context":"https:\/\/schema.org","@graph":[{"@type":"Article","@id":"https:\/\/cyclosdesavaloirs.fr\/index.php\/2025\/12\/05\/journee-mondiale-du-benevolat-celebrons-celles-et-ceux-qui-font-vivre-le-cyclotourisme\/#article","isPartOf":{"@id":"https:\/\/cyclosdesavaloirs.fr\/index.php\/2025\/12\/05\/journee-mondiale-du-benevolat-celebrons-celles-et-ceux-qui-font-vivre-le-cyclotourisme\/"},"author":{"name":"admin4106","@id":"https:\/\/cyclosdesavaloirs.fr\/#\/schema\/person\/dc990e561058b9b924c9569b16687c01"},"headline":"Journ\u00e9e mondiale du b\u00e9n\u00e9volat : c\u00e9l\u00e9brons celles et ceux qui font vivre le cyclotourisme","datePublished":"2025-12-05T10:57:28+00:00","mainEntityOfPage":{"@id":"https:\/\/cyclosdesavaloirs.fr\/index.php\/2025\/12\/05\/journee-mondiale-du-benevolat-celebrons-celles-et-ceux-qui-font-vivre-le-cyclotourisme\/"},"wordCount":948,"commentCount":0,"publisher":{"@id":"https:\/\/cyclosdesavaloirs.fr\/#organization"},"image":{"@id":"https:\/\/cyclosdesavaloirs.fr\/index.php\/2025\/12\/05\/journee-mondiale-du-benevolat-celebrons-celles-et-ceux-qui-font-vivre-le-cyclotourisme\/#primaryimage"},"thumbnailUrl":"https:\/\/cyclosdesavaloirs.fr\/wp-content\/uploads\/2025\/12\/image-1.png","articleSection":["NOTRE ACTUALITE"],"inLanguage":"en-US","potentialAction":[{"@type":"CommentAction","name":"Comment","target":["https:\/\/cyclosdesavaloirs.fr\/index.php\/2025\/12\/05\/journee-mondiale-du-benevolat-celebrons-celles-et-ceux-qui-font-vivre-le-cyclotourisme\/#respond"]}]},{"@type":"WebPage","@id":"https:\/\/cyclosdesavaloirs.fr\/index.php\/2025\/12\/05\/journee-mondiale-du-benevolat-celebrons-celles-et-ceux-qui-font-vivre-le-cyclotourisme\/","url":"https:\/\/cyclosdesavaloirs.fr\/index.php\/2025\/12\/05\/journee-mondiale-du-benevolat-celebrons-celles-et-ceux-qui-font-vivre-le-cyclotourisme\/","name":"Journ\u00e9e mondiale du b\u00e9n\u00e9volat : c\u00e9l\u00e9brons celles et ceux qui font vivre le cyclotourisme - CYCLOS DES AVALOIRS","isPartOf":{"@id":"https:\/\/cyclosdesavaloirs.fr\/#website"},"primaryImageOfPage":{"@id":"https:\/\/cyclosdesavaloirs.fr\/index.php\/2025\/12\/05\/journee-mondiale-du-benevolat-celebrons-celles-et-ceux-qui-font-vivre-le-cyclotourisme\/#primaryimage"},"image":{"@id":"https:\/\/cyclosdesavaloirs.fr\/index.php\/2025\/12\/05\/journee-mondiale-du-benevolat-celebrons-celles-et-ceux-qui-font-vivre-le-cyclotourisme\/#primaryimage"},"thumbnailUrl":"https:\/\/cyclosdesavaloirs.fr\/wp-content\/uploads\/2025\/12\/image-1.png","datePublished":"2025-12-05T10:57:28+00:00","breadcrumb":{"@id":"https:\/\/cyclosdesavaloirs.fr\/index.php\/2025\/12\/05\/journee-mondiale-du-benevolat-celebrons-celles-et-ceux-qui-font-vivre-le-cyclotourisme\/#breadcrumb"},"inLanguage":"en-US","potentialAction":[{"@type":"ReadAction","target":["https:\/\/cyclosdesavaloirs.fr\/index.php\/2025\/12\/05\/journee-mondiale-du-benevolat-celebrons-celles-et-ceux-qui-font-vivre-le-cyclotourisme\/"]}]},{"@type":"ImageObject","inLanguage":"en-US","@id":"https:\/\/cyclosdesavaloirs.fr\/index.php\/2025\/12\/05\/journee-mondiale-du-benevolat-celebrons-celles-et-ceux-qui-font-vivre-le-cyclotourisme\/#primaryimage","url":"https:\/\/cyclosdesavaloirs.fr\/wp-content\/uploads\/2025\/12\/image-1.png","contentUrl":"https:\/\/cyclosdesavaloirs.fr\/wp-content\/uploads\/2025\/12\/image-1.png","width":684,"height":350},{"@type":"BreadcrumbList","@id":"https:\/\/cyclosdesavaloirs.fr\/index.php\/2025\/12\/05\/journee-mondiale-du-benevolat-celebrons-celles-et-ceux-qui-font-vivre-le-cyclotourisme\/#breadcrumb","itemListElement":[{"@type":"ListItem","position":1,"name":"Accueil","item":"https:\/\/cyclosdesavaloirs.fr\/"},{"@type":"ListItem","position":2,"name":"Journ\u00e9e mondiale du b\u00e9n\u00e9volat : c\u00e9l\u00e9brons celles et ceux qui font vivre le cyclotourisme"}]},{"@type":"WebSite","@id":"https:\/\/cyclosdesavaloirs.fr\/#website","url":"https:\/\/cyclosdesavaloirs.fr\/","name":"CYCLOS DES AVALOIRS","description":"A v\u00e9lo, tout est plus beau et \u00e0 plusieurs, c&#039;est encore meilleur !","publisher":{"@id":"https:\/\/cyclosdesavaloirs.fr\/#organization"},"potentialAction":[{"@type":"SearchAction","target":{"@type":"EntryPoint","urlTemplate":"https:\/\/cyclosdesavaloirs.fr\/?s={search_term_string}"},"query-input":{"@type":"PropertyValueSpecification","valueRequired":true,"valueName":"search_term_string"}}],"inLanguage":"en-US"},{"@type":"Organization","@id":"https:\/\/cyclosdesavaloirs.fr\/#organization","name":"CYCLOS DES AVALOIRS","url":"https:\/\/cyclosdesavaloirs.fr\/","logo":{"@type":"ImageObject","inLanguage":"en-US","@id":"https:\/\/cyclosdesavaloirs.fr\/#\/schema\/logo\/image\/","url":"https:\/\/cyclosdesavaloirs.fr\/wp-content\/uploads\/2022\/06\/cropped-cropped-cropped-cropped-LOGO_CYLCOS-1.png","contentUrl":"https:\/\/cyclosdesavaloirs.fr\/wp-content\/uploads\/2022\/06\/cropped-cropped-cropped-cropped-LOGO_CYLCOS-1.png","width":240,"height":240,"caption":"CYCLOS DES AVALOIRS"},"image":{"@id":"https:\/\/cyclosdesavaloirs.fr\/#\/schema\/logo\/image\/"},"sameAs":["https:\/\/www.facebook.com\/Cyclos-des-Avaloirs-108867535260146"]},{"@type":"Person","@id":"https:\/\/cyclosdesavaloirs.fr\/#\/schema\/person\/dc990e561058b9b924c9569b16687c01","name":"admin4106","image":{"@type":"ImageObject","inLanguage":"en-US","@id":"https:\/\/secure.gravatar.com\/avatar\/259677e7322e5ca7aeab0675ddee6da680e2035073d9e7fba6a850ea7d1b329b?s=96&d=mm&r=g","url":"https:\/\/secure.gravatar.com\/avatar\/259677e7322e5ca7aeab0675ddee6da680e2035073d9e7fba6a850ea7d1b329b?s=96&d=mm&r=g","contentUrl":"https:\/\/secure.gravatar.com\/avatar\/259677e7322e5ca7aeab0675ddee6da680e2035073d9e7fba6a850ea7d1b329b?s=96&d=mm&r=g","caption":"admin4106"},"sameAs":["http:\/\/cyclosdesavaloirs.fr"],"url":"https:\/\/cyclosdesavaloirs.fr\/index.php\/author\/admin4106\/"}]}},"_links":{"self":[{"href":"https:\/\/cyclosdesavaloirs.fr\/index.php\/wp-json\/wp\/v2\/posts\/4811","targetHints":{"allow":["GET"]}}],"collection":[{"href":"https:\/\/cyclosdesavaloirs.fr\/index.php\/wp-json\/wp\/v2\/posts"}],"about":[{"href":"https:\/\/cyclosdesavaloirs.fr\/index.php\/wp-json\/wp\/v2\/types\/post"}],"author":[{"embeddable":true,"href":"https:\/\/cyclosdesavaloirs.fr\/index.php\/wp-json\/wp\/v2\/users\/1"}],"replies":[{"embeddable":true,"href":"https:\/\/cyclosdesavaloirs.fr\/index.php\/wp-json\/wp\/v2\/comments?post=4811"}],"version-history":[{"count":1,"href":"https:\/\/cyclosdesavaloirs.fr\/index.php\/wp-json\/wp\/v2\/posts\/4811\/revisions"}],"predecessor-version":[{"id":4814,"href":"https:\/\/cyclosdesavaloirs.fr\/index.php\/wp-json\/wp\/v2\/posts\/4811\/revisions\/4814"}],"wp:attachment":[{"href":"https:\/\/cyclosdesavaloirs.fr\/index.php\/wp-json\/wp\/v2\/media?parent=4811"}],"wp:term":[{"taxonomy":"category","embeddable":true,"href":"https:\/\/cyclosdesavaloirs.fr\/index.php\/wp-json\/wp\/v2\/categories?post=4811"},{"taxonomy":"post_tag","embeddable":true,"href":"https:\/\/cyclosdesavaloirs.fr\/index.php\/wp-json\/wp\/v2\/tags?post=4811"}],"curies":[{"name":"wp","href":"https:\/\/api.w.org\/{rel}","templated":true}]}}